{"id":2096,"date":"2023-12-01T16:22:08","date_gmt":"2023-12-01T16:22:08","guid":{"rendered":"https:\/\/www.dttrieste.com\/?p=2096"},"modified":"2023-12-01T16:22:08","modified_gmt":"2023-12-01T16:22:08","slug":"natale-a-trieste-fiera-di-san-nicolo","status":"publish","type":"post","link":"https:\/\/www.dttrieste.com\/it\/natale-a-trieste-fiera-di-san-nicolo\/","title":{"rendered":"Natale a Trieste: i mercatini e la Fiera di San Nicol\u00f2"},"content":{"rendered":"<p style=\"font-weight: 400\">Il <strong>Natale a Trieste<\/strong> si inizia a festeggiare in anticipo, pi\u00f9 precisamente tra i 5 e il 6 dicembre. In citt\u00e0, infatti, \u00e8 molto sentita la <strong>tradizione di San Nicol\u00f2<\/strong>, che porta doni ai bambini e invade Trieste con una storica Fiera molto attesa.<\/p>\n<p><img loading=\"lazy\" decoding=\"async\" class=\"aligncenter wp-image-2093 size-large\" title=\"Natale a Trieste\" src=\"https:\/\/www.dttrieste.com\/wp-content\/uploads\/sites\/326\/2023\/11\/Christmas-in-Trieste-1024x682.jpg\" alt=\"Natale a Trieste\" width=\"1024\" height=\"682\" srcset=\"https:\/\/www.dttrieste.com\/wp-content\/uploads\/sites\/326\/2023\/11\/Christmas-in-Trieste-1024x682.jpg 1024w, https:\/\/www.dttrieste.com\/wp-content\/uploads\/sites\/326\/2023\/11\/Christmas-in-Trieste-300x200.jpg 300w, https:\/\/www.dttrieste.com\/wp-content\/uploads\/sites\/326\/2023\/11\/Christmas-in-Trieste-768x512.jpg 768w, https:\/\/www.dttrieste.com\/wp-content\/uploads\/sites\/326\/2023\/11\/Christmas-in-Trieste-200x133.jpg 200w, https:\/\/www.dttrieste.com\/wp-content\/uploads\/sites\/326\/2023\/11\/Christmas-in-Trieste-600x400.jpg 600w, https:\/\/www.dttrieste.com\/wp-content\/uploads\/sites\/326\/2023\/11\/Christmas-in-Trieste-1000x666.jpg 1000w, https:\/\/www.dttrieste.com\/wp-content\/uploads\/sites\/326\/2023\/11\/Christmas-in-Trieste.jpg 1250w\" sizes=\"auto, (max-width: 1024px) 100vw, 1024px\" \/><\/p>\n<h2 style=\"font-weight: 400\"><strong>La tradizione di San Nicol\u00f2 <\/strong><\/h2>\n<p style=\"font-weight: 400\">San Nicol\u00f2 \u2013 o San Nicola che dir si voglia \u2013 fu sacerdote in Medio Oriente intorno al 300 d.C. Viene considerato un santo protettore dei bambini poich\u00e9 gli vengono attribuite diverse azioni rivolte proprio ai pi\u00f9 piccoli: la pi\u00f9 famosa racconta di quando, per aiutare tre bambine povere, fece trovare loro sulla finestra dei sacchetti pieni di monete d\u2019oro per tre notti.<\/p>\n<p style=\"font-weight: 400\">Il culto di San Nicol\u00f2 \u00e8 molto presente in diversi paesi europei, dalla Grecia all\u2019Austria, e si ritiene che si sia sviluppato a Trieste alla fine del Diciottesimo secolo con l\u2019istituzione del porto franco. In citt\u00e0 arrivarono in quel periodo molti commercianti dal Medio Oriente e dalla Grecia, che intitolarono proprio a <strong>San Nicol\u00f2<\/strong> anche <strong>la principale chiesa ortodossa di Trieste<\/strong>.<\/p>\n<p style=\"font-weight: 400\">Da allora, ogni anno <strong>la mattina del 6 dicembre i bambini di Trieste si svegliano sperando di trovare dei doni lasciati durante la notte da San Nicol\u00f2<\/strong>, soprattutto dolci e giocattoli. Se invece sono stati pi\u00f9 monelli, il santo potrebbe aver lasciato loro del carbone \u2013 ma non temete, \u00e8 dolce anche quello: un piccolo ammonimento pi\u00f9 che una vera punizione.<\/p>\n<p><img loading=\"lazy\" decoding=\"async\" class=\"aligncenter wp-image-2094 size-large\" title=\"fiera di San Nicol\u00f2 Trieste\" src=\"https:\/\/www.dttrieste.com\/wp-content\/uploads\/sites\/326\/2023\/11\/Fiera-San-Nicolo-Trieste-1024x683.jpg\" alt=\"fiera di San Nicol\u00f2 Trieste\" width=\"1024\" height=\"683\" srcset=\"https:\/\/www.dttrieste.com\/wp-content\/uploads\/sites\/326\/2023\/11\/Fiera-San-Nicolo-Trieste-1024x683.jpg 1024w, https:\/\/www.dttrieste.com\/wp-content\/uploads\/sites\/326\/2023\/11\/Fiera-San-Nicolo-Trieste-300x200.jpg 300w, https:\/\/www.dttrieste.com\/wp-content\/uploads\/sites\/326\/2023\/11\/Fiera-San-Nicolo-Trieste-768x512.jpg 768w, https:\/\/www.dttrieste.com\/wp-content\/uploads\/sites\/326\/2023\/11\/Fiera-San-Nicolo-Trieste-200x133.jpg 200w, https:\/\/www.dttrieste.com\/wp-content\/uploads\/sites\/326\/2023\/11\/Fiera-San-Nicolo-Trieste-600x400.jpg 600w, https:\/\/www.dttrieste.com\/wp-content\/uploads\/sites\/326\/2023\/11\/Fiera-San-Nicolo-Trieste-1000x667.jpg 1000w, https:\/\/www.dttrieste.com\/wp-content\/uploads\/sites\/326\/2023\/11\/Fiera-San-Nicolo-Trieste.jpg 1250w\" sizes=\"auto, (max-width: 1024px) 100vw, 1024px\" \/><\/p>\n<h2 style=\"font-weight: 400\"><strong>La Fiera di San Nicol\u00f2 a Trieste ed i mercatini di Natale<\/strong><\/h2>\n<p style=\"font-weight: 400\">Fu sempre la comunit\u00e0 greca a inaugurare i primi mercatini dedicati al santo a Trieste. Nel tempo, la <strong>Fiera di San Nicol\u00f2<\/strong> \u00e8 cresciuta fino a diventare <strong>una delle manifestazioni pi\u00f9 attese a Trieste, che nel 2023 festegger\u00e0 il suo primo centenario.<\/strong> Dall\u20191 all\u20198 dicembre, 93 espositori animeranno Viale XX Settembre e dintorni con bancarelle di oggettistica e prodotti del territorio, inclusi chiaramente giocattoli e dolci per preparare le sacche regalo per la notte di San Nicol\u00f2.<\/p>\n<p style=\"font-weight: 400\">Il momento pi\u00f9 atteso della Fiera \u00e8 proprio l\u2019arrivo del Santo: nel corso degli anni ha fatto la sua apparizione nei modi pi\u00f9 spettacolari, comparendo a bordo di carrozze, treni d\u2019epoca, motoscafi, addirittura di un elicottero, per distribuire le sue leccornie ai bambini.<\/p>\n<p style=\"font-weight: 400\">Terminata la Fiera di San Nicol\u00f2, hanno inizio poi i <a href=\"https:\/\/www.facebook.com\/MercatinoDiNataleDiTrieste\/\" target=\"_blank\" rel=\"noopener\"><strong>mercatini di Natale<\/strong><\/a> veri e propri che proseguono fino all\u2019Epifania nelle piazze del centro, <strong>da Piazza Sant\u2019Antonio a Piazza della Borsa<\/strong>. La manifestazione si ispira ai mercatini di centro e nord Europa, con decine di casette di legno che offrono decorazioni, idee regalo e prodotti gastronomici: un\u2019occasione perfetta per unire la ricerca dei doni di Natale alla visita della citt\u00e0.<\/p>\n<p style=\"font-weight: 400\">Se state organizzando un weekend a Trieste a dicembre, preparatevi quindi a un\u2019atmosfera magica che durer\u00e0 per tutto il mese &#8211; e che vestir\u00e0 a festa anche il nostro DoubleTree by Hilton!<\/p>\n<p style=\"font-weight: 400\">In occasione delle feste \u00e8 disponibile inoltre il pacchetto <a href=\"https:\/\/www.dttrieste.com\/it\/offerte-speciali\/natale-a-trieste\/\" target=\"_blank\" rel=\"noopener\">Natale a Trieste<\/a>, con pernottamento, drink natalizio, cena della Vigilia e un dolce regalo in camera: vi aspettiamo per trascorrere questo momento speciale insieme.<\/p>\n<p><img loading=\"lazy\" decoding=\"async\" class=\"aligncenter wp-image-1611 size-large\" title=\"Natale DoubleTree by Hilton Trieste\" src=\"https:\/\/www.dttrieste.com\/wp-content\/uploads\/sites\/326\/2022\/11\/Christmas-DoubleTree-by-Hilton-Trieste-05-1024x684.jpg\" alt=\"Natale DoubleTree by Hilton Trieste\" width=\"1024\" height=\"684\" srcset=\"https:\/\/www.dttrieste.com\/wp-content\/uploads\/sites\/326\/2022\/11\/Christmas-DoubleTree-by-Hilton-Trieste-05-1024x684.jpg 1024w, https:\/\/www.dttrieste.com\/wp-content\/uploads\/sites\/326\/2022\/11\/Christmas-DoubleTree-by-Hilton-Trieste-05-300x200.jpg 300w, https:\/\/www.dttrieste.com\/wp-content\/uploads\/sites\/326\/2022\/11\/Christmas-DoubleTree-by-Hilton-Trieste-05-768x513.jpg 768w, https:\/\/www.dttrieste.com\/wp-content\/uploads\/sites\/326\/2022\/11\/Christmas-DoubleTree-by-Hilton-Trieste-05-1536x1026.jpg 1536w, https:\/\/www.dttrieste.com\/wp-content\/uploads\/sites\/326\/2022\/11\/Christmas-DoubleTree-by-Hilton-Trieste-05-2048x1368.jpg 2048w, https:\/\/www.dttrieste.com\/wp-content\/uploads\/sites\/326\/2022\/11\/Christmas-DoubleTree-by-Hilton-Trieste-05-200x134.jpg 200w, https:\/\/www.dttrieste.com\/wp-content\/uploads\/sites\/326\/2022\/11\/Christmas-DoubleTree-by-Hilton-Trieste-05-600x401.jpg 600w, https:\/\/www.dttrieste.com\/wp-content\/uploads\/sites\/326\/2022\/11\/Christmas-DoubleTree-by-Hilton-Trieste-05-1000x668.jpg 1000w\" sizes=\"auto, (max-width: 1024px) 100vw, 1024px\" \/><\/p>\n","protected":false},"excerpt":{"rendered":"<p>Il Natale a Trieste si inizia a festeggiare in anticipo, pi\u00f9 precisamente tra i 5 e il 6 dicembre. In citt\u00e0, infatti, \u00e8 molto sentita la tradizione di San Nicol\u00f2, che porta doni ai bambini e invade Trieste con una storica Fiera molto attesa. La tradizione di San Nicol\u00f2 San Nicol\u00f2 \u2013 o San Nicola [&hellip;]<\/p>\n","protected":false},"author":567,"featured_media":2093,"comment_status":"open","ping_status":"open","sticky":false,"template":"","format":"standard","meta":{"footnotes":""},"categories":[1],"tags":[],"class_list":["post-2096","post","type-post","status-publish","format-standard","has-post-thumbnail","hentry","category-non-categorizzato"],"yoast_head":"<!-- This site is optimized with the Yoast SEO plugin v26.9 - https:\/\/yoast.com\/product\/yoast-seo-wordpress\/ -->\n<title>Natale a Trieste: i mercatini e la Fiera di San Nicol\u00f2<\/title>\n<meta name=\"description\" content=\"Cosa fare a Natale a Trieste: la tradizione di San Nicol\u00f2 con la sua celebre fiera ed i mercatini natalizi nelle piazze del centro.\" \/>\n<meta name=\"robots\" content=\"index, follow, max-snippet:-1, max-image-preview:large, max-video-preview:-1\" \/>\n<link rel=\"canonical\" href=\"https:\/\/www.dttrieste.com\/it\/natale-a-trieste-fiera-di-san-nicolo\/\" \/>\n<meta property=\"og:locale\" content=\"it_IT\" \/>\n<meta property=\"og:type\" content=\"article\" \/>\n<meta property=\"og:title\" content=\"Natale a Trieste: i mercatini e la Fiera di San Nicol\u00f2\" \/>\n<meta property=\"og:description\" content=\"Cosa fare a Natale a Trieste: la tradizione di San Nicol\u00f2 con la sua celebre fiera ed i mercatini natalizi nelle piazze del centro.\" \/>\n<meta property=\"og:url\" content=\"https:\/\/www.dttrieste.com\/it\/natale-a-trieste-fiera-di-san-nicolo\/\" \/>\n<meta property=\"og:site_name\" content=\"DoubleTree by Hilton Trieste\" \/>\n<meta property=\"article:published_time\" content=\"2023-12-01T16:22:08+00:00\" \/>\n<meta property=\"og:image\" content=\"https:\/\/www.dttrieste.com\/wp-content\/uploads\/sites\/326\/2023\/11\/Christmas-in-Trieste.jpg\" \/>\n\t<meta property=\"og:image:width\" content=\"1250\" \/>\n\t<meta property=\"og:image:height\" content=\"833\" \/>\n\t<meta property=\"og:image:type\" content=\"image\/jpeg\" \/>\n<meta name=\"author\" content=\"letiziagardin\" \/>\n<meta name=\"twitter:card\" content=\"summary_large_image\" \/>\n<meta name=\"twitter:label1\" content=\"Scritto da\" \/>\n\t<meta name=\"twitter:data1\" content=\"letiziagardin\" \/>\n\t<meta name=\"twitter:label2\" content=\"Tempo di lettura stimato\" \/>\n\t<meta name=\"twitter:data2\" content=\"2 minuti\" \/>\n<script type=\"application\/ld+json\" class=\"yoast-schema-graph\">{\"@context\":\"https:\/\/schema.org\",\"@graph\":[{\"@type\":\"Article\",\"@id\":\"https:\/\/www.dttrieste.com\/it\/natale-a-trieste-fiera-di-san-nicolo\/#article\",\"isPartOf\":{\"@id\":\"https:\/\/www.dttrieste.com\/it\/natale-a-trieste-fiera-di-san-nicolo\/\"},\"author\":{\"name\":\"letiziagardin\",\"@id\":\"https:\/\/www.dttrieste.com\/it\/#\/schema\/person\/03a448671297e1772b88c52ddfd20589\"},\"headline\":\"Natale a Trieste: i mercatini e la Fiera di San Nicol\u00f2\",\"datePublished\":\"2023-12-01T16:22:08+00:00\",\"mainEntityOfPage\":{\"@id\":\"https:\/\/www.dttrieste.com\/it\/natale-a-trieste-fiera-di-san-nicolo\/\"},\"wordCount\":507,\"commentCount\":0,\"publisher\":{\"@id\":\"https:\/\/www.dttrieste.com\/it\/#organization\"},\"image\":{\"@id\":\"https:\/\/www.dttrieste.com\/it\/natale-a-trieste-fiera-di-san-nicolo\/#primaryimage\"},\"thumbnailUrl\":\"https:\/\/www.dttrieste.com\/wp-content\/uploads\/sites\/326\/2023\/11\/Christmas-in-Trieste.jpg\",\"articleSection\":[\"Non categorizzato\"],\"inLanguage\":\"it-IT\",\"potentialAction\":[{\"@type\":\"CommentAction\",\"name\":\"Comment\",\"target\":[\"https:\/\/www.dttrieste.com\/it\/natale-a-trieste-fiera-di-san-nicolo\/#respond\"]}]},{\"@type\":\"WebPage\",\"@id\":\"https:\/\/www.dttrieste.com\/it\/natale-a-trieste-fiera-di-san-nicolo\/\",\"url\":\"https:\/\/www.dttrieste.com\/it\/natale-a-trieste-fiera-di-san-nicolo\/\",\"name\":\"Natale a Trieste: i mercatini e la Fiera di San Nicol\u00f2\",\"isPartOf\":{\"@id\":\"https:\/\/www.dttrieste.com\/it\/#website\"},\"primaryImageOfPage\":{\"@id\":\"https:\/\/www.dttrieste.com\/it\/natale-a-trieste-fiera-di-san-nicolo\/#primaryimage\"},\"image\":{\"@id\":\"https:\/\/www.dttrieste.com\/it\/natale-a-trieste-fiera-di-san-nicolo\/#primaryimage\"},\"thumbnailUrl\":\"https:\/\/www.dttrieste.com\/wp-content\/uploads\/sites\/326\/2023\/11\/Christmas-in-Trieste.jpg\",\"datePublished\":\"2023-12-01T16:22:08+00:00\",\"description\":\"Cosa fare a Natale a Trieste: la tradizione di San Nicol\u00f2 con la sua celebre fiera ed i mercatini natalizi nelle piazze del centro.\",\"breadcrumb\":{\"@id\":\"https:\/\/www.dttrieste.com\/it\/natale-a-trieste-fiera-di-san-nicolo\/#breadcrumb\"},\"inLanguage\":\"it-IT\",\"potentialAction\":[{\"@type\":\"ReadAction\",\"target\":[\"https:\/\/www.dttrieste.com\/it\/natale-a-trieste-fiera-di-san-nicolo\/\"]}]},{\"@type\":\"ImageObject\",\"inLanguage\":\"it-IT\",\"@id\":\"https:\/\/www.dttrieste.com\/it\/natale-a-trieste-fiera-di-san-nicolo\/#primaryimage\",\"url\":\"https:\/\/www.dttrieste.com\/wp-content\/uploads\/sites\/326\/2023\/11\/Christmas-in-Trieste.jpg\",\"contentUrl\":\"https:\/\/www.dttrieste.com\/wp-content\/uploads\/sites\/326\/2023\/11\/Christmas-in-Trieste.jpg\",\"width\":1250,\"height\":833,\"caption\":\"Christmas in Trieste\"},{\"@type\":\"BreadcrumbList\",\"@id\":\"https:\/\/www.dttrieste.com\/it\/natale-a-trieste-fiera-di-san-nicolo\/#breadcrumb\",\"itemListElement\":[{\"@type\":\"ListItem\",\"position\":1,\"name\":\"Home\",\"item\":\"https:\/\/www.dttrieste.com\/it\/\"},{\"@type\":\"ListItem\",\"position\":2,\"name\":\"Natale a Trieste: i mercatini e la Fiera di San Nicol\u00f2\"}]},{\"@type\":\"WebSite\",\"@id\":\"https:\/\/www.dttrieste.com\/it\/#website\",\"url\":\"https:\/\/www.dttrieste.com\/it\/\",\"name\":\"DoubleTree by Hilton Trieste\",\"description\":\"Just another ms.decms.eu site\",\"publisher\":{\"@id\":\"https:\/\/www.dttrieste.com\/it\/#organization\"},\"potentialAction\":[{\"@type\":\"SearchAction\",\"target\":{\"@type\":\"EntryPoint\",\"urlTemplate\":\"https:\/\/www.dttrieste.com\/it\/?s={search_term_string}\"},\"query-input\":{\"@type\":\"PropertyValueSpecification\",\"valueRequired\":true,\"valueName\":\"search_term_string\"}}],\"inLanguage\":\"it-IT\"},{\"@type\":\"Organization\",\"@id\":\"https:\/\/www.dttrieste.com\/it\/#organization\",\"name\":\"Hilton Trieste\",\"url\":\"https:\/\/www.dttrieste.com\/it\/\",\"logo\":{\"@type\":\"ImageObject\",\"inLanguage\":\"it-IT\",\"@id\":\"https:\/\/www.dttrieste.com\/it\/#\/schema\/logo\/image\/\",\"url\":\"https:\/\/www.dttrieste.com\/wp-content\/uploads\/sites\/326\/2021\/07\/DT_Vertical_Logo-black.png\",\"contentUrl\":\"https:\/\/www.dttrieste.com\/wp-content\/uploads\/sites\/326\/2021\/07\/DT_Vertical_Logo-black.png\",\"width\":1684,\"height\":1466,\"caption\":\"Hilton Trieste\"},\"image\":{\"@id\":\"https:\/\/www.dttrieste.com\/it\/#\/schema\/logo\/image\/\"}},{\"@type\":\"Person\",\"@id\":\"https:\/\/www.dttrieste.com\/it\/#\/schema\/person\/03a448671297e1772b88c52ddfd20589\",\"name\":\"letiziagardin\",\"image\":{\"@type\":\"ImageObject\",\"inLanguage\":\"it-IT\",\"@id\":\"https:\/\/www.dttrieste.com\/it\/#\/schema\/person\/image\/\",\"url\":\"https:\/\/secure.gravatar.com\/avatar\/38c4d08b4578d4ad67f3ec6ab1a3bc9e99093180f00de180c8798f32aa43d512?s=96&d=mm&r=g\",\"contentUrl\":\"https:\/\/secure.gravatar.com\/avatar\/38c4d08b4578d4ad67f3ec6ab1a3bc9e99093180f00de180c8798f32aa43d512?s=96&d=mm&r=g\",\"caption\":\"letiziagardin\"}}]}<\/script>\n<!-- \/ Yoast SEO plugin. -->","yoast_head_json":{"title":"Natale a Trieste: i mercatini e la Fiera di San Nicol\u00f2","description":"Cosa fare a Natale a Trieste: la tradizione di San Nicol\u00f2 con la sua celebre fiera ed i mercatini natalizi nelle piazze del centro.","robots":{"index":"index","follow":"follow","max-snippet":"max-snippet:-1","max-image-preview":"max-image-preview:large","max-video-preview":"max-video-preview:-1"},"canonical":"https:\/\/www.dttrieste.com\/it\/natale-a-trieste-fiera-di-san-nicolo\/","og_locale":"it_IT","og_type":"article","og_title":"Natale a Trieste: i mercatini e la Fiera di San Nicol\u00f2","og_description":"Cosa fare a Natale a Trieste: la tradizione di San Nicol\u00f2 con la sua celebre fiera ed i mercatini natalizi nelle piazze del centro.","og_url":"https:\/\/www.dttrieste.com\/it\/natale-a-trieste-fiera-di-san-nicolo\/","og_site_name":"DoubleTree by Hilton Trieste","article_published_time":"2023-12-01T16:22:08+00:00","og_image":[{"width":1250,"height":833,"url":"https:\/\/www.dttrieste.com\/wp-content\/uploads\/sites\/326\/2023\/11\/Christmas-in-Trieste.jpg","type":"image\/jpeg"}],"author":"letiziagardin","twitter_card":"summary_large_image","twitter_misc":{"Scritto da":"letiziagardin","Tempo di lettura stimato":"2 minuti"},"schema":{"@context":"https:\/\/schema.org","@graph":[{"@type":"Article","@id":"https:\/\/www.dttrieste.com\/it\/natale-a-trieste-fiera-di-san-nicolo\/#article","isPartOf":{"@id":"https:\/\/www.dttrieste.com\/it\/natale-a-trieste-fiera-di-san-nicolo\/"},"author":{"name":"letiziagardin","@id":"https:\/\/www.dttrieste.com\/it\/#\/schema\/person\/03a448671297e1772b88c52ddfd20589"},"headline":"Natale a Trieste: i mercatini e la Fiera di San Nicol\u00f2","datePublished":"2023-12-01T16:22:08+00:00","mainEntityOfPage":{"@id":"https:\/\/www.dttrieste.com\/it\/natale-a-trieste-fiera-di-san-nicolo\/"},"wordCount":507,"commentCount":0,"publisher":{"@id":"https:\/\/www.dttrieste.com\/it\/#organization"},"image":{"@id":"https:\/\/www.dttrieste.com\/it\/natale-a-trieste-fiera-di-san-nicolo\/#primaryimage"},"thumbnailUrl":"https:\/\/www.dttrieste.com\/wp-content\/uploads\/sites\/326\/2023\/11\/Christmas-in-Trieste.jpg","articleSection":["Non categorizzato"],"inLanguage":"it-IT","potentialAction":[{"@type":"CommentAction","name":"Comment","target":["https:\/\/www.dttrieste.com\/it\/natale-a-trieste-fiera-di-san-nicolo\/#respond"]}]},{"@type":"WebPage","@id":"https:\/\/www.dttrieste.com\/it\/natale-a-trieste-fiera-di-san-nicolo\/","url":"https:\/\/www.dttrieste.com\/it\/natale-a-trieste-fiera-di-san-nicolo\/","name":"Natale a Trieste: i mercatini e la Fiera di San Nicol\u00f2","isPartOf":{"@id":"https:\/\/www.dttrieste.com\/it\/#website"},"primaryImageOfPage":{"@id":"https:\/\/www.dttrieste.com\/it\/natale-a-trieste-fiera-di-san-nicolo\/#primaryimage"},"image":{"@id":"https:\/\/www.dttrieste.com\/it\/natale-a-trieste-fiera-di-san-nicolo\/#primaryimage"},"thumbnailUrl":"https:\/\/www.dttrieste.com\/wp-content\/uploads\/sites\/326\/2023\/11\/Christmas-in-Trieste.jpg","datePublished":"2023-12-01T16:22:08+00:00","description":"Cosa fare a Natale a Trieste: la tradizione di San Nicol\u00f2 con la sua celebre fiera ed i mercatini natalizi nelle piazze del centro.","breadcrumb":{"@id":"https:\/\/www.dttrieste.com\/it\/natale-a-trieste-fiera-di-san-nicolo\/#breadcrumb"},"inLanguage":"it-IT","potentialAction":[{"@type":"ReadAction","target":["https:\/\/www.dttrieste.com\/it\/natale-a-trieste-fiera-di-san-nicolo\/"]}]},{"@type":"ImageObject","inLanguage":"it-IT","@id":"https:\/\/www.dttrieste.com\/it\/natale-a-trieste-fiera-di-san-nicolo\/#primaryimage","url":"https:\/\/www.dttrieste.com\/wp-content\/uploads\/sites\/326\/2023\/11\/Christmas-in-Trieste.jpg","contentUrl":"https:\/\/www.dttrieste.com\/wp-content\/uploads\/sites\/326\/2023\/11\/Christmas-in-Trieste.jpg","width":1250,"height":833,"caption":"Christmas in Trieste"},{"@type":"BreadcrumbList","@id":"https:\/\/www.dttrieste.com\/it\/natale-a-trieste-fiera-di-san-nicolo\/#breadcrumb","itemListElement":[{"@type":"ListItem","position":1,"name":"Home","item":"https:\/\/www.dttrieste.com\/it\/"},{"@type":"ListItem","position":2,"name":"Natale a Trieste: i mercatini e la Fiera di San Nicol\u00f2"}]},{"@type":"WebSite","@id":"https:\/\/www.dttrieste.com\/it\/#website","url":"https:\/\/www.dttrieste.com\/it\/","name":"DoubleTree by Hilton Trieste","description":"Just another ms.decms.eu site","publisher":{"@id":"https:\/\/www.dttrieste.com\/it\/#organization"},"potentialAction":[{"@type":"SearchAction","target":{"@type":"EntryPoint","urlTemplate":"https:\/\/www.dttrieste.com\/it\/?s={search_term_string}"},"query-input":{"@type":"PropertyValueSpecification","valueRequired":true,"valueName":"search_term_string"}}],"inLanguage":"it-IT"},{"@type":"Organization","@id":"https:\/\/www.dttrieste.com\/it\/#organization","name":"Hilton Trieste","url":"https:\/\/www.dttrieste.com\/it\/","logo":{"@type":"ImageObject","inLanguage":"it-IT","@id":"https:\/\/www.dttrieste.com\/it\/#\/schema\/logo\/image\/","url":"https:\/\/www.dttrieste.com\/wp-content\/uploads\/sites\/326\/2021\/07\/DT_Vertical_Logo-black.png","contentUrl":"https:\/\/www.dttrieste.com\/wp-content\/uploads\/sites\/326\/2021\/07\/DT_Vertical_Logo-black.png","width":1684,"height":1466,"caption":"Hilton Trieste"},"image":{"@id":"https:\/\/www.dttrieste.com\/it\/#\/schema\/logo\/image\/"}},{"@type":"Person","@id":"https:\/\/www.dttrieste.com\/it\/#\/schema\/person\/03a448671297e1772b88c52ddfd20589","name":"letiziagardin","image":{"@type":"ImageObject","inLanguage":"it-IT","@id":"https:\/\/www.dttrieste.com\/it\/#\/schema\/person\/image\/","url":"https:\/\/secure.gravatar.com\/avatar\/38c4d08b4578d4ad67f3ec6ab1a3bc9e99093180f00de180c8798f32aa43d512?s=96&d=mm&r=g","contentUrl":"https:\/\/secure.gravatar.com\/avatar\/38c4d08b4578d4ad67f3ec6ab1a3bc9e99093180f00de180c8798f32aa43d512?s=96&d=mm&r=g","caption":"letiziagardin"}}]}},"acf":[],"_links":{"self":[{"href":"https:\/\/www.dttrieste.com\/it\/wp-json\/wp\/v2\/posts\/2096","targetHints":{"allow":["GET"]}}],"collection":[{"href":"https:\/\/www.dttrieste.com\/it\/wp-json\/wp\/v2\/posts"}],"about":[{"href":"https:\/\/www.dttrieste.com\/it\/wp-json\/wp\/v2\/types\/post"}],"author":[{"embeddable":true,"href":"https:\/\/www.dttrieste.com\/it\/wp-json\/wp\/v2\/users\/567"}],"replies":[{"embeddable":true,"href":"https:\/\/www.dttrieste.com\/it\/wp-json\/wp\/v2\/comments?post=2096"}],"version-history":[{"count":0,"href":"https:\/\/www.dttrieste.com\/it\/wp-json\/wp\/v2\/posts\/2096\/revisions"}],"wp:featuredmedia":[{"embeddable":true,"href":"https:\/\/www.dttrieste.com\/it\/wp-json\/wp\/v2\/media\/2093"}],"wp:attachment":[{"href":"https:\/\/www.dttrieste.com\/it\/wp-json\/wp\/v2\/media?parent=2096"}],"wp:term":[{"taxonomy":"category","embeddable":true,"href":"https:\/\/www.dttrieste.com\/it\/wp-json\/wp\/v2\/categories?post=2096"},{"taxonomy":"post_tag","embeddable":true,"href":"https:\/\/www.dttrieste.com\/it\/wp-json\/wp\/v2\/tags?post=2096"}],"curies":[{"name":"wp","href":"https:\/\/api.w.org\/{rel}","templated":true}]}}