{"id":2014,"date":"2023-09-27T08:55:31","date_gmt":"2023-09-27T08:55:31","guid":{"rendered":"https:\/\/www.dttrieste.com\/?p=2014"},"modified":"2023-09-27T08:55:31","modified_gmt":"2023-09-27T08:55:31","slug":"barcolana-di-trieste-regata-piu-grande-del-mondo","status":"publish","type":"post","link":"https:\/\/www.dttrieste.com\/it\/barcolana-di-trieste-regata-piu-grande-del-mondo\/","title":{"rendered":"Barcolana di Trieste: storia e percorso della regata pi\u00f9 grande del mondo"},"content":{"rendered":"<p style=\"font-weight: 400\">Si avvicina l\u2019autunno e l\u2019atmosfera a Trieste diventa febbrile, mentre la citt\u00e0 si prepara ad accogliere l\u2019evento pi\u00f9 atteso dell\u2019anno. Ogni ottobre infatti torna l\u2019appuntamento con la <strong><a href=\"https:\/\/www.dttrieste.com\/it\/events\/barcolana-55-2023-edition\/\" target=\"_blank\" rel=\"noopener\">Barcolana<\/a><\/strong>, la manifestazione che pu\u00f2 fregiarsi del primato di \u201c<strong>regata pi\u00f9 grande del mondo<\/strong>\u201d.<\/p>\n<p><img loading=\"lazy\" decoding=\"async\" class=\"aligncenter wp-image-2018 size-full\" title=\"La Barcolana di Trieste\" src=\"https:\/\/www.dttrieste.com\/wp-content\/uploads\/sites\/326\/2023\/09\/Trieste-Barcolana.jpg\" alt=\"Trieste Barcolana\" width=\"1250\" height=\"834\" srcset=\"https:\/\/www.dttrieste.com\/wp-content\/uploads\/sites\/326\/2023\/09\/Trieste-Barcolana.jpg 1250w, https:\/\/www.dttrieste.com\/wp-content\/uploads\/sites\/326\/2023\/09\/Trieste-Barcolana-300x200.jpg 300w, https:\/\/www.dttrieste.com\/wp-content\/uploads\/sites\/326\/2023\/09\/Trieste-Barcolana-1024x683.jpg 1024w, https:\/\/www.dttrieste.com\/wp-content\/uploads\/sites\/326\/2023\/09\/Trieste-Barcolana-768x512.jpg 768w, https:\/\/www.dttrieste.com\/wp-content\/uploads\/sites\/326\/2023\/09\/Trieste-Barcolana-200x133.jpg 200w, https:\/\/www.dttrieste.com\/wp-content\/uploads\/sites\/326\/2023\/09\/Trieste-Barcolana-600x400.jpg 600w, https:\/\/www.dttrieste.com\/wp-content\/uploads\/sites\/326\/2023\/09\/Trieste-Barcolana-1000x667.jpg 1000w\" sizes=\"auto, (max-width: 1250px) 100vw, 1250px\" \/><\/p>\n<h2 style=\"font-weight: 400\"><strong>La storia della Barcolana di Trieste<\/strong><\/h2>\n<p style=\"font-weight: 400\">Nel 1969 furono 51 le barche che si radunarono a Trieste per la prima edizione della Barcolana. Le regole erano poche, allora come oggi: l\u2019appuntamento nella seconda domenica di ottobre era aperto a chiunque possedesse una barca a vela e volesse condividere una giornata di sport nel mare di fronte a Trieste. Uno dei punti di forza della Barcolana rimane forse proprio questo: il fatto che unisca<strong> semplici appassionati e grandi velisti internazionali, insieme per gareggiare lungo uno stesso percorso<\/strong>.<\/p>\n<p style=\"font-weight: 400\">Anno dopo anno, lungo la linea di partenza tra le <a href=\"https:\/\/www.dttrieste.com\/it\/dove-andare-al-mare-trieste-spiagge-migliori\/\" target=\"_blank\" rel=\"noopener\">spiagge di Barcola e Grignano<\/a> si sono schierati sempre pi\u00f9 equipaggi provenienti dall\u2019Italia e da tutto il mondo, trasformando la Barcolana in un appuntamento irrinunciabile e molto apprezzato anche a livello internazionale. Fino all\u2019edizione da <strong>Guinness dei Primati del 2018<\/strong>, la cinquantesima: <strong>in quell\u2019occasione parteciparono ben 2689 imbarcazioni e la Barcolana di Trieste venne proclamata ufficialmente la &#8220;Largest Sailing Race&#8221;, ovvero la regata pi\u00f9 grande del mondo<\/strong>. In totale si stima che ogni anno arrivino a Trieste oltre 400.000 persone tra equipaggi, staff, sponsor e appassionati, tutti riuniti dall\u2019atmosfera di festa della Barcolana.<\/p>\n<p><img loading=\"lazy\" decoding=\"async\" class=\"aligncenter wp-image-2017 size-full\" title=\"La Barcolana di Trieste\" src=\"https:\/\/www.dttrieste.com\/wp-content\/uploads\/sites\/326\/2023\/09\/The-Barcolana-regatta-Trieste.jpg\" alt=\"The Barcolana regatta Trieste\" width=\"1250\" height=\"834\" srcset=\"https:\/\/www.dttrieste.com\/wp-content\/uploads\/sites\/326\/2023\/09\/The-Barcolana-regatta-Trieste.jpg 1250w, https:\/\/www.dttrieste.com\/wp-content\/uploads\/sites\/326\/2023\/09\/The-Barcolana-regatta-Trieste-300x200.jpg 300w, https:\/\/www.dttrieste.com\/wp-content\/uploads\/sites\/326\/2023\/09\/The-Barcolana-regatta-Trieste-1024x683.jpg 1024w, https:\/\/www.dttrieste.com\/wp-content\/uploads\/sites\/326\/2023\/09\/The-Barcolana-regatta-Trieste-768x512.jpg 768w, https:\/\/www.dttrieste.com\/wp-content\/uploads\/sites\/326\/2023\/09\/The-Barcolana-regatta-Trieste-200x133.jpg 200w, https:\/\/www.dttrieste.com\/wp-content\/uploads\/sites\/326\/2023\/09\/The-Barcolana-regatta-Trieste-600x400.jpg 600w, https:\/\/www.dttrieste.com\/wp-content\/uploads\/sites\/326\/2023\/09\/The-Barcolana-regatta-Trieste-1000x667.jpg 1000w\" sizes=\"auto, (max-width: 1250px) 100vw, 1250px\" \/><\/p>\n<h2 style=\"font-weight: 400\"><strong>Il percorso della Barcolana ed i luoghi da cui ammirare la regata<\/strong><\/h2>\n<p style=\"font-weight: 400\">Nel giorno della Barcolana Trieste diventa una grande tribuna da cui assistere alla regata, visibile con facilit\u00e0 da diversi punti della citt\u00e0. Il percorso \u00e8 lungo in totale 13 miglia nautiche e parte appunto tra la spiaggia di Barcola e il <a href=\"https:\/\/www.dttrieste.com\/it\/visita-castello-di-miramare-storia-curiosita\/\" target=\"_blank\" rel=\"noopener\">Castello di Miramare<\/a>, per poi seguire un quadrilatero a vertici fissi nel Golfo di Trieste. Dopo essere rientrate verso Miramare, le vele procedono lungo la costa fino alla fase conclusiva della regata che inizia in prossimit\u00e0 del Faro della Vittoria e arriva alla Diga di Porto Vecchio, proprio di fronte a Piazza Unit\u00e0 d\u2019Italia.<\/p>\n<p style=\"font-weight: 400\">Sia la partenza sia la fase finale della regata sono quindi visibili ad occhio nudo dal pubblico: <strong>le postazioni migliori per assistere alla Barcolana di Trieste sono i castelli di Miramare e di San Giusto, la strada Napoleonica ed ovviamente Piazza Unit\u00e0 d\u2019Italia, per il gran finale.<\/strong><\/p>\n<p style=\"font-weight: 400\">Ma non c\u2019\u00e8 solo la regata: anche se la Barcolana si svolge nel corso di una singola domenica, in realt\u00e0 Trieste si anima con un ricco programma di eventi gi\u00e0 a partire dalla settimana precedente. Tante attivit\u00e0 culturali, sportive e sociali accomunate dal tema del mare, che potete trovare descritte all\u2019interno del <a href=\"https:\/\/www.barcolana.it\/\" target=\"_blank\" rel=\"noopener\">sito ufficiale<\/a> della manifestazione.<\/p>\n<p><img loading=\"lazy\" decoding=\"async\" class=\"aligncenter wp-image-1978 size-large\" title=\"Idrusa alla Barcolana Trieste\" src=\"https:\/\/www.dttrieste.com\/wp-content\/uploads\/sites\/326\/2023\/08\/190-1024x684.jpg\" alt=\"Barcolana e Idrusa - Hotel DoubleTree by Hilton Trieste\" width=\"1024\" height=\"684\" srcset=\"https:\/\/www.dttrieste.com\/wp-content\/uploads\/sites\/326\/2023\/08\/190-1024x684.jpg 1024w, https:\/\/www.dttrieste.com\/wp-content\/uploads\/sites\/326\/2023\/08\/190-300x200.jpg 300w, https:\/\/www.dttrieste.com\/wp-content\/uploads\/sites\/326\/2023\/08\/190-768x513.jpg 768w, https:\/\/www.dttrieste.com\/wp-content\/uploads\/sites\/326\/2023\/08\/190-1536x1025.jpg 1536w, https:\/\/www.dttrieste.com\/wp-content\/uploads\/sites\/326\/2023\/08\/190-2048x1367.jpg 2048w, https:\/\/www.dttrieste.com\/wp-content\/uploads\/sites\/326\/2023\/08\/190-200x134.jpg 200w, https:\/\/www.dttrieste.com\/wp-content\/uploads\/sites\/326\/2023\/08\/190-600x401.jpg 600w, https:\/\/www.dttrieste.com\/wp-content\/uploads\/sites\/326\/2023\/08\/190-1000x668.jpg 1000w\" sizes=\"auto, (max-width: 1024px) 100vw, 1024px\" \/><\/p>\n<h2 style=\"font-weight: 400\"><strong>La nostra partecipazione alla Barcolana di Trieste: l\u2019imbarcazione Idrusa<\/strong><\/h2>\n<p style=\"font-weight: 400\">Per il terzo anno, il <strong>DoubleTree by Hilton Trieste \u00e8 sponsor ufficiale dell\u2019Idrusa<\/strong>, imbarcazione con una lunga storia di successi che nell\u2019edizione 2022 si \u00e8 classificata al 10\u00b0 posto guidata dallo skipper Paolo Montefusco. Il \u201cMaxiOne\u201d 80 piedi \u00e8 stato progettato da Bruce Farr per le regate oceaniche, in seguito potenziato ed ottimizzato per le competizioni nel Mediterraneo.<\/p>\n<p style=\"font-weight: 400\">Anche se auguriamo a tutte le migliaia di imbarcazioni un\u2019ottima Barcolana di Trieste e una grande giornata di sport, il nostro tifo speciale va quindi all\u2019equipaggio dell\u2019Idrusa affinch\u00e9 possano ripetere o superare il fantastico risultato dello scorso anno.<\/p>\n<p>Se sarai in hotel in occasione della Barcolana, chiedici informazioni in reception per maggiori dettagli sulle <strong>attivit\u00e0 speciali<\/strong> che verranno proposte nella nostra <a href=\"https:\/\/www.dttrieste.com\/it\/servizi\/palestra-area-wellness\/trattamenti-speciali-barcolana\/\" target=\"_blank\" rel=\"noopener\"><strong>Area Wellness<\/strong><\/a> e al <strong><a href=\"https:\/\/www.dttrieste.com\/it\/bar-e-ristorante\/berlam-coffee-tea-cocktail\/\" target=\"_blank\" rel=\"noopener\">Berlam Coffee Tea &amp; Cocktail<\/a><\/strong>.<\/p>\n","protected":false},"excerpt":{"rendered":"<p>Si avvicina l\u2019autunno e l\u2019atmosfera a Trieste diventa febbrile, mentre la citt\u00e0 si prepara ad accogliere l\u2019evento pi\u00f9 atteso dell\u2019anno. Ogni ottobre infatti torna l\u2019appuntamento con la Barcolana, la manifestazione che pu\u00f2 fregiarsi del primato di \u201cregata pi\u00f9 grande del mondo\u201d. La storia della Barcolana di Trieste Nel 1969 furono 51 le barche che si [&hellip;]<\/p>\n","protected":false},"author":567,"featured_media":2018,"comment_status":"open","ping_status":"open","sticky":false,"template":"","format":"standard","meta":{"footnotes":""},"categories":[1],"tags":[],"class_list":["post-2014","post","type-post","status-publish","format-standard","has-post-thumbnail","hentry","category-non-categorizzato"],"yoast_head":"<!-- This site is optimized with the Yoast SEO plugin v26.9 - https:\/\/yoast.com\/product\/yoast-seo-wordpress\/ -->\n<title>Barcolana di Trieste: la storia della regata pi\u00f9 grande del mondo<\/title>\n<meta name=\"description\" content=\"Storia e percorso della Barcolana di Trieste, la regata pi\u00f9 grande del mondo diventata appuntamento fisso per tutti gli appassionati di vela.\" \/>\n<meta name=\"robots\" content=\"index, follow, max-snippet:-1, max-image-preview:large, max-video-preview:-1\" \/>\n<link rel=\"canonical\" href=\"https:\/\/www.dttrieste.com\/it\/barcolana-di-trieste-regata-piu-grande-del-mondo\/\" \/>\n<meta property=\"og:locale\" content=\"it_IT\" \/>\n<meta property=\"og:type\" content=\"article\" \/>\n<meta property=\"og:title\" content=\"Barcolana di Trieste: la storia della regata pi\u00f9 grande del mondo\" \/>\n<meta property=\"og:description\" content=\"Storia e percorso della Barcolana di Trieste, la regata pi\u00f9 grande del mondo diventata appuntamento fisso per tutti gli appassionati di vela.\" \/>\n<meta property=\"og:url\" content=\"https:\/\/www.dttrieste.com\/it\/barcolana-di-trieste-regata-piu-grande-del-mondo\/\" \/>\n<meta property=\"og:site_name\" content=\"DoubleTree by Hilton Trieste\" \/>\n<meta property=\"article:published_time\" content=\"2023-09-27T08:55:31+00:00\" \/>\n<meta property=\"og:image\" content=\"https:\/\/www.dttrieste.com\/wp-content\/uploads\/sites\/326\/2023\/09\/Trieste-Barcolana.jpg\" \/>\n\t<meta property=\"og:image:width\" content=\"1250\" \/>\n\t<meta property=\"og:image:height\" content=\"834\" \/>\n\t<meta property=\"og:image:type\" content=\"image\/jpeg\" \/>\n<meta name=\"author\" content=\"letiziagardin\" \/>\n<meta name=\"twitter:card\" content=\"summary_large_image\" \/>\n<meta name=\"twitter:label1\" content=\"Scritto da\" \/>\n\t<meta name=\"twitter:data1\" content=\"letiziagardin\" \/>\n\t<meta name=\"twitter:label2\" content=\"Tempo di lettura stimato\" \/>\n\t<meta name=\"twitter:data2\" content=\"3 minuti\" \/>\n<script type=\"application\/ld+json\" class=\"yoast-schema-graph\">{\"@context\":\"https:\/\/schema.org\",\"@graph\":[{\"@type\":\"Article\",\"@id\":\"https:\/\/www.dttrieste.com\/it\/barcolana-di-trieste-regata-piu-grande-del-mondo\/#article\",\"isPartOf\":{\"@id\":\"https:\/\/www.dttrieste.com\/it\/barcolana-di-trieste-regata-piu-grande-del-mondo\/\"},\"author\":{\"name\":\"letiziagardin\",\"@id\":\"https:\/\/www.dttrieste.com\/it\/#\/schema\/person\/03a448671297e1772b88c52ddfd20589\"},\"headline\":\"Barcolana di Trieste: storia e percorso della regata pi\u00f9 grande del mondo\",\"datePublished\":\"2023-09-27T08:55:31+00:00\",\"mainEntityOfPage\":{\"@id\":\"https:\/\/www.dttrieste.com\/it\/barcolana-di-trieste-regata-piu-grande-del-mondo\/\"},\"wordCount\":595,\"commentCount\":0,\"publisher\":{\"@id\":\"https:\/\/www.dttrieste.com\/it\/#organization\"},\"image\":{\"@id\":\"https:\/\/www.dttrieste.com\/it\/barcolana-di-trieste-regata-piu-grande-del-mondo\/#primaryimage\"},\"thumbnailUrl\":\"https:\/\/www.dttrieste.com\/wp-content\/uploads\/sites\/326\/2023\/09\/Trieste-Barcolana.jpg\",\"articleSection\":[\"Non categorizzato\"],\"inLanguage\":\"it-IT\",\"potentialAction\":[{\"@type\":\"CommentAction\",\"name\":\"Comment\",\"target\":[\"https:\/\/www.dttrieste.com\/it\/barcolana-di-trieste-regata-piu-grande-del-mondo\/#respond\"]}]},{\"@type\":\"WebPage\",\"@id\":\"https:\/\/www.dttrieste.com\/it\/barcolana-di-trieste-regata-piu-grande-del-mondo\/\",\"url\":\"https:\/\/www.dttrieste.com\/it\/barcolana-di-trieste-regata-piu-grande-del-mondo\/\",\"name\":\"Barcolana di Trieste: la storia della regata pi\u00f9 grande del mondo\",\"isPartOf\":{\"@id\":\"https:\/\/www.dttrieste.com\/it\/#website\"},\"primaryImageOfPage\":{\"@id\":\"https:\/\/www.dttrieste.com\/it\/barcolana-di-trieste-regata-piu-grande-del-mondo\/#primaryimage\"},\"image\":{\"@id\":\"https:\/\/www.dttrieste.com\/it\/barcolana-di-trieste-regata-piu-grande-del-mondo\/#primaryimage\"},\"thumbnailUrl\":\"https:\/\/www.dttrieste.com\/wp-content\/uploads\/sites\/326\/2023\/09\/Trieste-Barcolana.jpg\",\"datePublished\":\"2023-09-27T08:55:31+00:00\",\"description\":\"Storia e percorso della Barcolana di Trieste, la regata pi\u00f9 grande del mondo diventata appuntamento fisso per tutti gli appassionati di vela.\",\"breadcrumb\":{\"@id\":\"https:\/\/www.dttrieste.com\/it\/barcolana-di-trieste-regata-piu-grande-del-mondo\/#breadcrumb\"},\"inLanguage\":\"it-IT\",\"potentialAction\":[{\"@type\":\"ReadAction\",\"target\":[\"https:\/\/www.dttrieste.com\/it\/barcolana-di-trieste-regata-piu-grande-del-mondo\/\"]}]},{\"@type\":\"ImageObject\",\"inLanguage\":\"it-IT\",\"@id\":\"https:\/\/www.dttrieste.com\/it\/barcolana-di-trieste-regata-piu-grande-del-mondo\/#primaryimage\",\"url\":\"https:\/\/www.dttrieste.com\/wp-content\/uploads\/sites\/326\/2023\/09\/Trieste-Barcolana.jpg\",\"contentUrl\":\"https:\/\/www.dttrieste.com\/wp-content\/uploads\/sites\/326\/2023\/09\/Trieste-Barcolana.jpg\",\"width\":1250,\"height\":834,\"caption\":\"Trieste Barcolana\"},{\"@type\":\"BreadcrumbList\",\"@id\":\"https:\/\/www.dttrieste.com\/it\/barcolana-di-trieste-regata-piu-grande-del-mondo\/#breadcrumb\",\"itemListElement\":[{\"@type\":\"ListItem\",\"position\":1,\"name\":\"Home\",\"item\":\"https:\/\/www.dttrieste.com\/it\/\"},{\"@type\":\"ListItem\",\"position\":2,\"name\":\"Barcolana di Trieste: storia e percorso della regata pi\u00f9 grande del mondo\"}]},{\"@type\":\"WebSite\",\"@id\":\"https:\/\/www.dttrieste.com\/it\/#website\",\"url\":\"https:\/\/www.dttrieste.com\/it\/\",\"name\":\"DoubleTree by Hilton Trieste\",\"description\":\"Just another ms.decms.eu site\",\"publisher\":{\"@id\":\"https:\/\/www.dttrieste.com\/it\/#organization\"},\"potentialAction\":[{\"@type\":\"SearchAction\",\"target\":{\"@type\":\"EntryPoint\",\"urlTemplate\":\"https:\/\/www.dttrieste.com\/it\/?s={search_term_string}\"},\"query-input\":{\"@type\":\"PropertyValueSpecification\",\"valueRequired\":true,\"valueName\":\"search_term_string\"}}],\"inLanguage\":\"it-IT\"},{\"@type\":\"Organization\",\"@id\":\"https:\/\/www.dttrieste.com\/it\/#organization\",\"name\":\"Hilton Trieste\",\"url\":\"https:\/\/www.dttrieste.com\/it\/\",\"logo\":{\"@type\":\"ImageObject\",\"inLanguage\":\"it-IT\",\"@id\":\"https:\/\/www.dttrieste.com\/it\/#\/schema\/logo\/image\/\",\"url\":\"https:\/\/www.dttrieste.com\/wp-content\/uploads\/sites\/326\/2021\/07\/DT_Vertical_Logo-black.png\",\"contentUrl\":\"https:\/\/www.dttrieste.com\/wp-content\/uploads\/sites\/326\/2021\/07\/DT_Vertical_Logo-black.png\",\"width\":1684,\"height\":1466,\"caption\":\"Hilton Trieste\"},\"image\":{\"@id\":\"https:\/\/www.dttrieste.com\/it\/#\/schema\/logo\/image\/\"}},{\"@type\":\"Person\",\"@id\":\"https:\/\/www.dttrieste.com\/it\/#\/schema\/person\/03a448671297e1772b88c52ddfd20589\",\"name\":\"letiziagardin\",\"image\":{\"@type\":\"ImageObject\",\"inLanguage\":\"it-IT\",\"@id\":\"https:\/\/www.dttrieste.com\/it\/#\/schema\/person\/image\/\",\"url\":\"https:\/\/secure.gravatar.com\/avatar\/38c4d08b4578d4ad67f3ec6ab1a3bc9e99093180f00de180c8798f32aa43d512?s=96&d=mm&r=g\",\"contentUrl\":\"https:\/\/secure.gravatar.com\/avatar\/38c4d08b4578d4ad67f3ec6ab1a3bc9e99093180f00de180c8798f32aa43d512?s=96&d=mm&r=g\",\"caption\":\"letiziagardin\"}}]}<\/script>\n<!-- \/ Yoast SEO plugin. -->","yoast_head_json":{"title":"Barcolana di Trieste: la storia della regata pi\u00f9 grande del mondo","description":"Storia e percorso della Barcolana di Trieste, la regata pi\u00f9 grande del mondo diventata appuntamento fisso per tutti gli appassionati di vela.","robots":{"index":"index","follow":"follow","max-snippet":"max-snippet:-1","max-image-preview":"max-image-preview:large","max-video-preview":"max-video-preview:-1"},"canonical":"https:\/\/www.dttrieste.com\/it\/barcolana-di-trieste-regata-piu-grande-del-mondo\/","og_locale":"it_IT","og_type":"article","og_title":"Barcolana di Trieste: la storia della regata pi\u00f9 grande del mondo","og_description":"Storia e percorso della Barcolana di Trieste, la regata pi\u00f9 grande del mondo diventata appuntamento fisso per tutti gli appassionati di vela.","og_url":"https:\/\/www.dttrieste.com\/it\/barcolana-di-trieste-regata-piu-grande-del-mondo\/","og_site_name":"DoubleTree by Hilton Trieste","article_published_time":"2023-09-27T08:55:31+00:00","og_image":[{"width":1250,"height":834,"url":"https:\/\/www.dttrieste.com\/wp-content\/uploads\/sites\/326\/2023\/09\/Trieste-Barcolana.jpg","type":"image\/jpeg"}],"author":"letiziagardin","twitter_card":"summary_large_image","twitter_misc":{"Scritto da":"letiziagardin","Tempo di lettura stimato":"3 minuti"},"schema":{"@context":"https:\/\/schema.org","@graph":[{"@type":"Article","@id":"https:\/\/www.dttrieste.com\/it\/barcolana-di-trieste-regata-piu-grande-del-mondo\/#article","isPartOf":{"@id":"https:\/\/www.dttrieste.com\/it\/barcolana-di-trieste-regata-piu-grande-del-mondo\/"},"author":{"name":"letiziagardin","@id":"https:\/\/www.dttrieste.com\/it\/#\/schema\/person\/03a448671297e1772b88c52ddfd20589"},"headline":"Barcolana di Trieste: storia e percorso della regata pi\u00f9 grande del mondo","datePublished":"2023-09-27T08:55:31+00:00","mainEntityOfPage":{"@id":"https:\/\/www.dttrieste.com\/it\/barcolana-di-trieste-regata-piu-grande-del-mondo\/"},"wordCount":595,"commentCount":0,"publisher":{"@id":"https:\/\/www.dttrieste.com\/it\/#organization"},"image":{"@id":"https:\/\/www.dttrieste.com\/it\/barcolana-di-trieste-regata-piu-grande-del-mondo\/#primaryimage"},"thumbnailUrl":"https:\/\/www.dttrieste.com\/wp-content\/uploads\/sites\/326\/2023\/09\/Trieste-Barcolana.jpg","articleSection":["Non categorizzato"],"inLanguage":"it-IT","potentialAction":[{"@type":"CommentAction","name":"Comment","target":["https:\/\/www.dttrieste.com\/it\/barcolana-di-trieste-regata-piu-grande-del-mondo\/#respond"]}]},{"@type":"WebPage","@id":"https:\/\/www.dttrieste.com\/it\/barcolana-di-trieste-regata-piu-grande-del-mondo\/","url":"https:\/\/www.dttrieste.com\/it\/barcolana-di-trieste-regata-piu-grande-del-mondo\/","name":"Barcolana di Trieste: la storia della regata pi\u00f9 grande del mondo","isPartOf":{"@id":"https:\/\/www.dttrieste.com\/it\/#website"},"primaryImageOfPage":{"@id":"https:\/\/www.dttrieste.com\/it\/barcolana-di-trieste-regata-piu-grande-del-mondo\/#primaryimage"},"image":{"@id":"https:\/\/www.dttrieste.com\/it\/barcolana-di-trieste-regata-piu-grande-del-mondo\/#primaryimage"},"thumbnailUrl":"https:\/\/www.dttrieste.com\/wp-content\/uploads\/sites\/326\/2023\/09\/Trieste-Barcolana.jpg","datePublished":"2023-09-27T08:55:31+00:00","description":"Storia e percorso della Barcolana di Trieste, la regata pi\u00f9 grande del mondo diventata appuntamento fisso per tutti gli appassionati di vela.","breadcrumb":{"@id":"https:\/\/www.dttrieste.com\/it\/barcolana-di-trieste-regata-piu-grande-del-mondo\/#breadcrumb"},"inLanguage":"it-IT","potentialAction":[{"@type":"ReadAction","target":["https:\/\/www.dttrieste.com\/it\/barcolana-di-trieste-regata-piu-grande-del-mondo\/"]}]},{"@type":"ImageObject","inLanguage":"it-IT","@id":"https:\/\/www.dttrieste.com\/it\/barcolana-di-trieste-regata-piu-grande-del-mondo\/#primaryimage","url":"https:\/\/www.dttrieste.com\/wp-content\/uploads\/sites\/326\/2023\/09\/Trieste-Barcolana.jpg","contentUrl":"https:\/\/www.dttrieste.com\/wp-content\/uploads\/sites\/326\/2023\/09\/Trieste-Barcolana.jpg","width":1250,"height":834,"caption":"Trieste Barcolana"},{"@type":"BreadcrumbList","@id":"https:\/\/www.dttrieste.com\/it\/barcolana-di-trieste-regata-piu-grande-del-mondo\/#breadcrumb","itemListElement":[{"@type":"ListItem","position":1,"name":"Home","item":"https:\/\/www.dttrieste.com\/it\/"},{"@type":"ListItem","position":2,"name":"Barcolana di Trieste: storia e percorso della regata pi\u00f9 grande del mondo"}]},{"@type":"WebSite","@id":"https:\/\/www.dttrieste.com\/it\/#website","url":"https:\/\/www.dttrieste.com\/it\/","name":"DoubleTree by Hilton Trieste","description":"Just another ms.decms.eu site","publisher":{"@id":"https:\/\/www.dttrieste.com\/it\/#organization"},"potentialAction":[{"@type":"SearchAction","target":{"@type":"EntryPoint","urlTemplate":"https:\/\/www.dttrieste.com\/it\/?s={search_term_string}"},"query-input":{"@type":"PropertyValueSpecification","valueRequired":true,"valueName":"search_term_string"}}],"inLanguage":"it-IT"},{"@type":"Organization","@id":"https:\/\/www.dttrieste.com\/it\/#organization","name":"Hilton Trieste","url":"https:\/\/www.dttrieste.com\/it\/","logo":{"@type":"ImageObject","inLanguage":"it-IT","@id":"https:\/\/www.dttrieste.com\/it\/#\/schema\/logo\/image\/","url":"https:\/\/www.dttrieste.com\/wp-content\/uploads\/sites\/326\/2021\/07\/DT_Vertical_Logo-black.png","contentUrl":"https:\/\/www.dttrieste.com\/wp-content\/uploads\/sites\/326\/2021\/07\/DT_Vertical_Logo-black.png","width":1684,"height":1466,"caption":"Hilton Trieste"},"image":{"@id":"https:\/\/www.dttrieste.com\/it\/#\/schema\/logo\/image\/"}},{"@type":"Person","@id":"https:\/\/www.dttrieste.com\/it\/#\/schema\/person\/03a448671297e1772b88c52ddfd20589","name":"letiziagardin","image":{"@type":"ImageObject","inLanguage":"it-IT","@id":"https:\/\/www.dttrieste.com\/it\/#\/schema\/person\/image\/","url":"https:\/\/secure.gravatar.com\/avatar\/38c4d08b4578d4ad67f3ec6ab1a3bc9e99093180f00de180c8798f32aa43d512?s=96&d=mm&r=g","contentUrl":"https:\/\/secure.gravatar.com\/avatar\/38c4d08b4578d4ad67f3ec6ab1a3bc9e99093180f00de180c8798f32aa43d512?s=96&d=mm&r=g","caption":"letiziagardin"}}]}},"acf":[],"_links":{"self":[{"href":"https:\/\/www.dttrieste.com\/it\/wp-json\/wp\/v2\/posts\/2014","targetHints":{"allow":["GET"]}}],"collection":[{"href":"https:\/\/www.dttrieste.com\/it\/wp-json\/wp\/v2\/posts"}],"about":[{"href":"https:\/\/www.dttrieste.com\/it\/wp-json\/wp\/v2\/types\/post"}],"author":[{"embeddable":true,"href":"https:\/\/www.dttrieste.com\/it\/wp-json\/wp\/v2\/users\/567"}],"replies":[{"embeddable":true,"href":"https:\/\/www.dttrieste.com\/it\/wp-json\/wp\/v2\/comments?post=2014"}],"version-history":[{"count":0,"href":"https:\/\/www.dttrieste.com\/it\/wp-json\/wp\/v2\/posts\/2014\/revisions"}],"wp:featuredmedia":[{"embeddable":true,"href":"https:\/\/www.dttrieste.com\/it\/wp-json\/wp\/v2\/media\/2018"}],"wp:attachment":[{"href":"https:\/\/www.dttrieste.com\/it\/wp-json\/wp\/v2\/media?parent=2014"}],"wp:term":[{"taxonomy":"category","embeddable":true,"href":"https:\/\/www.dttrieste.com\/it\/wp-json\/wp\/v2\/categories?post=2014"},{"taxonomy":"post_tag","embeddable":true,"href":"https:\/\/www.dttrieste.com\/it\/wp-json\/wp\/v2\/tags?post=2014"}],"curies":[{"name":"wp","href":"https:\/\/api.w.org\/{rel}","templated":true}]}}