{"id":1957,"date":"2023-03-29T17:16:46","date_gmt":"2023-03-29T17:16:46","guid":{"rendered":"https:\/\/www.dttrieste.com\/itinerary-trieste-of-joyce-locations\/"},"modified":"2023-07-24T10:45:04","modified_gmt":"2023-07-24T10:45:04","slug":"die-orte-von-james-joyce","status":"publish","type":"post","link":"https:\/\/www.dttrieste.com\/de\/die-orte-von-james-joyce\/","title":{"rendered":"Rundgang in Triest: die Orte von James Joyce"},"content":{"rendered":"<p>Triest, die Stadt der Grenzen und der Kultur, der Caf\u00e9s und der Schriftsteller: zahlreiche ber\u00fchmte Namen von Schriftstellern sind mit der Stadt verbunden, mal durch Geburt, mal durch die Wahl ihres Lebens. Warum also nicht <strong>Triest mit einem echten literarischen Rundgang entdecken?<\/strong><\/p>\n<p>Auf den Spuren eines der ber\u00fchmtesten Adoptivb\u00fcrger der Stadt, des <a href=\"https:\/\/www.dttrieste.com\/it\/cosa-vedere\/attrazioni-principali\/james-joyce\/\" target=\"_blank\" rel=\"noopener\">\u00a0Schriftstellers <strong>James Joyce<\/strong><\/a>, kann man viele der Orte kennen lernen, die den irischen K\u00fcnstler zu seinen Werken inspiriert haben, und gleichzeitig Triest im Rahmen eines Tagesausflugs erkunden.<\/p>\n<p>&nbsp;<\/p>\n<p><img loading=\"lazy\" decoding=\"async\" class=\"aligncenter wp-image-1845 size-large\" title=\"James Joyce Trieste\" src=\"https:\/\/www.dttrieste.com\/wp-content\/uploads\/sites\/326\/2023\/03\/James-Joyce-Trieste-1024x683.jpg\" alt=\"James Joyce Trieste\" width=\"1024\" height=\"683\" srcset=\"https:\/\/www.dttrieste.com\/wp-content\/uploads\/sites\/326\/2023\/03\/James-Joyce-Trieste-1024x683.jpg 1024w, https:\/\/www.dttrieste.com\/wp-content\/uploads\/sites\/326\/2023\/03\/James-Joyce-Trieste-300x200.jpg 300w, https:\/\/www.dttrieste.com\/wp-content\/uploads\/sites\/326\/2023\/03\/James-Joyce-Trieste-768x512.jpg 768w, https:\/\/www.dttrieste.com\/wp-content\/uploads\/sites\/326\/2023\/03\/James-Joyce-Trieste-200x133.jpg 200w, https:\/\/www.dttrieste.com\/wp-content\/uploads\/sites\/326\/2023\/03\/James-Joyce-Trieste-600x400.jpg 600w, https:\/\/www.dttrieste.com\/wp-content\/uploads\/sites\/326\/2023\/03\/James-Joyce-Trieste-1000x667.jpg 1000w, https:\/\/www.dttrieste.com\/wp-content\/uploads\/sites\/326\/2023\/03\/James-Joyce-Trieste.jpg 1200w\" sizes=\"auto, (max-width: 1024px) 100vw, 1024px\" \/><\/p>\n<h2 style=\"text-align: center\"><strong>Die Orte von Joyce in Triest: was zu sehen <\/strong><\/h2>\n<h3 style=\"text-align: center\"><strong>Die Berlitz School<\/strong><\/h3>\n<p>Nur wenige Schritte trennen das DoubleTree by Hilton Trieste von der <strong>Berlitz School in der Via San Nicol\u00f2 Nr. 32<\/strong>, die daher ein <strong>idealer Ausgangspunkt f\u00fcr diese literarische Entdeckungsreise <\/strong>zu den Orten von Joyce sein kann.<\/p>\n<p>Es war eine Anstellung als Englischlehrer an der Berlitz School, die Joyce zwischen 1904 und 1905 zum ersten Mal nach Triest brachte. Obwohl er diese Stelle nur ein paar Jahre innehatte, spielten die Schule, ihr Personal und ihre Sch\u00fcler eine Schl\u00fcsselrolle in der Karriere des Schriftstellers w\u00e4hrend seines Jahrzehnts in Triest. Auch sein Bruder Stanislaus arbeitete dort, nachdem James ihn \u00fcberredet hatte, zu ihm nach Triest zu kommen, und der Direktor der Schule, Almidano Artifoni, trat sp\u00e4ter in &#8222;Ulysses&#8220; als Musiklehrer von Stephen Dedalus auf.<\/p>\n<h3 style=\"text-align: center\"><strong>Die Joyce Statue in Triest und das Caff\u00e8 Stella Polare<\/strong><\/h3>\n<p>Ein Spaziergang entlang des Canal Grande von Triest f\u00fchrt nach <strong>Ponterosso<\/strong>. Auf der nahe gelegenen Piazza Ponterosso befindet sich die erste Wohnung, die James Joyce und seine Begleiterin Nora Barnacle nach ihrer Ankunft in der Stadt bewohnten, und in der gleichen Gegend k\u00f6nnen Sie auch das <strong>Caff\u00e8 Stella Polare<\/strong> besuchen, eines der <a href=\"https:\/\/www.dttrieste.com\/de\/historische-cafes-in-triest-5-adressen-die-man-nicht-verpassen-sollte\/\" target=\"_blank\" rel=\"noopener\">ber\u00fchmtesten historischen Caf\u00e9s von Triest.<\/a><\/p>\n<p>Zu Beginn des 20. Jahrhunderts wurde das Caff\u00e8 Stella Polare regelm\u00e4\u00dfig von den Mitarbeitern der Berlitz School besucht und war, wie andere \u00e4hnliche Lokale in Triest, ein <strong>Treffpunkt f\u00fcr die lokalen Intellektuellen<\/strong>, darunter nat\u00fcrlich auch Joyce selbst. Dies ist einer der Gr\u00fcnde, warum die Stadt Triest im Jahr 2004 anl\u00e4sslich des hundertsten Jahrestages der Ankunft des Schriftstellers in der Stadt beschloss, eine <strong>Joyce gewidmete Statue<\/strong> direkt <strong>am Ponterosso<\/strong> aufzustellen. Das Werk von Nino Spagnoli zeigt den Schriftsteller, wie er auf der Br\u00fccke spazieren geht, und die Gravur am Sockel tr\u00e4gt die Worte aus einem seiner Briefe an Nora: <em>&#8222;&#8230; meine Seele ist in Triest&#8220;.<\/em><\/p>\n<p><img loading=\"lazy\" decoding=\"async\" class=\"aligncenter wp-image-1843 size-large\" title=\"Canal Grande Trieste\" src=\"https:\/\/www.dttrieste.com\/wp-content\/uploads\/sites\/326\/2023\/03\/Canal-Grande-Trieste-1024x645.jpeg\" alt=\"Canal Grande Trieste\" width=\"1024\" height=\"645\" srcset=\"https:\/\/www.dttrieste.com\/wp-content\/uploads\/sites\/326\/2023\/03\/Canal-Grande-Trieste-1024x645.jpeg 1024w, https:\/\/www.dttrieste.com\/wp-content\/uploads\/sites\/326\/2023\/03\/Canal-Grande-Trieste-300x189.jpeg 300w, https:\/\/www.dttrieste.com\/wp-content\/uploads\/sites\/326\/2023\/03\/Canal-Grande-Trieste-768x484.jpeg 768w, https:\/\/www.dttrieste.com\/wp-content\/uploads\/sites\/326\/2023\/03\/Canal-Grande-Trieste-200x126.jpeg 200w, https:\/\/www.dttrieste.com\/wp-content\/uploads\/sites\/326\/2023\/03\/Canal-Grande-Trieste-600x378.jpeg 600w, https:\/\/www.dttrieste.com\/wp-content\/uploads\/sites\/326\/2023\/03\/Canal-Grande-Trieste-1000x630.jpeg 1000w, https:\/\/www.dttrieste.com\/wp-content\/uploads\/sites\/326\/2023\/03\/Canal-Grande-Trieste.jpeg 1200w\" sizes=\"auto, (max-width: 1024px) 100vw, 1024px\" \/><\/p>\n<h3 style=\"text-align: center\"><strong>Die Pirona Konditorei und Il Piccolo<\/strong><\/h3>\n<p>W\u00e4hrend er als Englischlehrer arbeitete, nutzte James Joyce jede freie Minute, um seiner noch jungen literarischen T\u00e4tigkeit nachzugehen. Die historischen Caf\u00e9s von Triest geh\u00f6rten zu den bevorzugten Orten, an denen Joyce schrieb: neben dem bereits erw\u00e4hnten Caff\u00e8 Stella Polare besuchte er h\u00e4ufig das <strong>Caff\u00e8 Pirona<\/strong>. Die Konditorei befindet sich nur wenige Schritte von einer der Wohnungen entfernt, die die Joyces eine Zeit lang bewohnten, in <strong>Largo Barriera Vecchia Nr. 32<\/strong> <strong>\u00fcber der Picci\u00f2la Apotheke<\/strong>, die heute noch existiert.<\/p>\n<p>Ganz in der N\u00e4he, in der Via Silvio Pellico, befindet sich der <strong>historische Sitz der Tageszeitung Il Piccolo<\/strong>. Der damalige Redakteur der Abendausgabe, Roberto Prezioso, war einer der ersten Sch\u00fcler von Joyce an der Berlitz School und wurde bald sein Freund, so dass er ihn sp\u00e4ter zur Mitarbeit bei der Zeitung einlud.<\/p>\n<h3 style=\"text-align: center\"><strong>Das Haus in der Via Bramante<\/strong><\/h3>\n<p>W\u00e4hrend ihrer Zeit in Triest wohnten Joyce und Barnacle in 8 verschiedenen Wohnungen, oft nur f\u00fcr kurze Zeit, und jede von ihnen ist heute durch eine Gedenktafel gekennzeichnet &#8211; so wie man auch an vielen anderen Geb\u00e4uden, die in irgendeiner Weise mit dem Leben der Triester Schriftsteller verbunden sind, eine Gedenktafel finden kann.<\/p>\n<p>Das Haus, in dem die Familie Joyce von 1912 bis 1915 die meiste Zeit verbrachte, befindet sich in der <strong>Via Bramante Nr. 4<\/strong>: zu dieser Zeit arbeitete der Schriftsteller dank des Kontakts seines Freundes Italo Svevo an der Handelshochschule von Revoltella, und wie die Gedenktafel daran erinnert, begann hier &#8222;Ulysses&#8220;.<\/p>\n<p><img loading=\"lazy\" decoding=\"async\" class=\"aligncenter wp-image-1844 size-full\" title=\"Joyce Trieste Ulisse\" src=\"https:\/\/www.dttrieste.com\/wp-content\/uploads\/sites\/326\/2023\/03\/Targa-Joyce-Trieste-Ulisse.jpeg\" alt=\"Joyce Trieste Ulisse\" width=\"1024\" height=\"768\" srcset=\"https:\/\/www.dttrieste.com\/wp-content\/uploads\/sites\/326\/2023\/03\/Targa-Joyce-Trieste-Ulisse.jpeg 1024w, https:\/\/www.dttrieste.com\/wp-content\/uploads\/sites\/326\/2023\/03\/Targa-Joyce-Trieste-Ulisse-300x225.jpeg 300w, https:\/\/www.dttrieste.com\/wp-content\/uploads\/sites\/326\/2023\/03\/Targa-Joyce-Trieste-Ulisse-768x576.jpeg 768w, https:\/\/www.dttrieste.com\/wp-content\/uploads\/sites\/326\/2023\/03\/Targa-Joyce-Trieste-Ulisse-200x150.jpeg 200w, https:\/\/www.dttrieste.com\/wp-content\/uploads\/sites\/326\/2023\/03\/Targa-Joyce-Trieste-Ulisse-600x450.jpeg 600w, https:\/\/www.dttrieste.com\/wp-content\/uploads\/sites\/326\/2023\/03\/Targa-Joyce-Trieste-Ulisse-1000x750.jpeg 1000w\" sizes=\"auto, (max-width: 1024px) 100vw, 1024px\" \/><\/p>\n<h3 style=\"text-align: center\"><strong>Das Joyce Museum in Triest<\/strong><\/h3>\n<p>Wenn die Wanderungen und Werke des irischen Schriftstellers Sie fasziniert haben, kann der Abschluss des Rundgangs, der den Joyce Orten in Triest gewidmet ist, nur sein Museum sein. Das <strong>Joyce Museum<\/strong> befindet sich in der <strong>Via Madonna del Mare 13<\/strong> und sammelt nicht nur Material \u00fcber den Aufenthalt des Schriftstellers in Triest, sondern organisiert auch verschiedene Veranstaltungen, Feste und Lesungen. Auf der <a href=\"https:\/\/itinerari.comune.trieste.it\/en\/the-trieste-of-james-joyce\/\" target=\"_blank\" rel=\"noopener\">offiziellen Website des Museums<\/a> kann man auch verschiedene andere Einblicke in Joyces Triest finden, um die literarische Reise mit weiteren Stationen und Einblicken fortzusetzen.<\/p>\n","protected":false},"excerpt":{"rendered":"<p>Triest, die Stadt der Grenzen und der Kultur, der Caf\u00e9s und der Schriftsteller: zahlreiche ber\u00fchmte Namen von Schriftstellern sind mit der Stadt verbunden, mal durch Geburt, mal durch die Wahl ihres Lebens. Warum also nicht Triest mit einem echten literarischen Rundgang entdecken? Auf den Spuren eines der ber\u00fchmtesten Adoptivb\u00fcrger der Stadt, des \u00a0Schriftstellers James Joyce, [&hellip;]<\/p>\n","protected":false},"author":567,"featured_media":0,"comment_status":"open","ping_status":"open","sticky":false,"template":"","format":"standard","meta":{"footnotes":""},"categories":[44],"tags":[],"class_list":["post-1957","post","type-post","status-publish","format-standard","hentry","category-consigli-di-viaggio-de"],"yoast_head":"<!-- This site is optimized with the Yoast SEO plugin v26.9 - https:\/\/yoast.com\/product\/yoast-seo-wordpress\/ -->\n<title>Rundgang in Triest: die Orte von James Joyce<\/title>\n<meta name=\"description\" content=\"Literarischer Rundgang in Triest: auf den Spuren von James Joyce in Triest, um die Orte zu entdecken, die Ulysses inspirierten.\" \/>\n<meta name=\"robots\" content=\"index, follow, max-snippet:-1, max-image-preview:large, max-video-preview:-1\" \/>\n<link rel=\"canonical\" href=\"https:\/\/www.dttrieste.com\/de\/die-orte-von-james-joyce\/\" \/>\n<meta property=\"og:locale\" content=\"de_DE\" \/>\n<meta property=\"og:type\" content=\"article\" \/>\n<meta property=\"og:title\" content=\"Rundgang in Triest: die Orte von James Joyce\" \/>\n<meta property=\"og:description\" content=\"Literarischer Rundgang in Triest: auf den Spuren von James Joyce in Triest, um die Orte zu entdecken, die Ulysses inspirierten.\" \/>\n<meta property=\"og:url\" content=\"https:\/\/www.dttrieste.com\/de\/die-orte-von-james-joyce\/\" \/>\n<meta property=\"og:site_name\" content=\"DoubleTree by Hilton Trieste\" \/>\n<meta property=\"article:published_time\" content=\"2023-03-29T17:16:46+00:00\" \/>\n<meta property=\"article:modified_time\" content=\"2023-07-24T10:45:04+00:00\" \/>\n<meta property=\"og:image\" content=\"https:\/\/www.dttrieste.com\/wp-content\/uploads\/sites\/326\/2023\/03\/James-Joyce-Trieste-1024x683.jpg\" \/>\n<meta name=\"author\" content=\"letiziagardin\" \/>\n<meta name=\"twitter:card\" content=\"summary_large_image\" \/>\n<meta name=\"twitter:label1\" content=\"Verfasst von\" \/>\n\t<meta name=\"twitter:data1\" content=\"letiziagardin\" \/>\n\t<meta name=\"twitter:label2\" content=\"Gesch\u00e4tzte Lesezeit\" \/>\n\t<meta name=\"twitter:data2\" content=\"4 Minuten\" \/>\n<script type=\"application\/ld+json\" class=\"yoast-schema-graph\">{\"@context\":\"https:\/\/schema.org\",\"@graph\":[{\"@type\":\"Article\",\"@id\":\"https:\/\/www.dttrieste.com\/de\/die-orte-von-james-joyce\/#article\",\"isPartOf\":{\"@id\":\"https:\/\/www.dttrieste.com\/de\/die-orte-von-james-joyce\/\"},\"author\":{\"name\":\"letiziagardin\",\"@id\":\"https:\/\/www.dttrieste.com\/de\/#\/schema\/person\/03a448671297e1772b88c52ddfd20589\"},\"headline\":\"Rundgang in Triest: die Orte von James Joyce\",\"datePublished\":\"2023-03-29T17:16:46+00:00\",\"dateModified\":\"2023-07-24T10:45:04+00:00\",\"mainEntityOfPage\":{\"@id\":\"https:\/\/www.dttrieste.com\/de\/die-orte-von-james-joyce\/\"},\"wordCount\":750,\"commentCount\":0,\"publisher\":{\"@id\":\"https:\/\/www.dttrieste.com\/de\/#organization\"},\"image\":{\"@id\":\"https:\/\/www.dttrieste.com\/de\/die-orte-von-james-joyce\/#primaryimage\"},\"thumbnailUrl\":\"https:\/\/www.dttrieste.com\/wp-content\/uploads\/sites\/326\/2023\/03\/James-Joyce-Trieste-1024x683.jpg\",\"articleSection\":[\"Consigli di viaggio\"],\"inLanguage\":\"de-DE\",\"potentialAction\":[{\"@type\":\"CommentAction\",\"name\":\"Comment\",\"target\":[\"https:\/\/www.dttrieste.com\/de\/die-orte-von-james-joyce\/#respond\"]}]},{\"@type\":\"WebPage\",\"@id\":\"https:\/\/www.dttrieste.com\/de\/die-orte-von-james-joyce\/\",\"url\":\"https:\/\/www.dttrieste.com\/de\/die-orte-von-james-joyce\/\",\"name\":\"Rundgang in Triest: die Orte von James Joyce\",\"isPartOf\":{\"@id\":\"https:\/\/www.dttrieste.com\/de\/#website\"},\"primaryImageOfPage\":{\"@id\":\"https:\/\/www.dttrieste.com\/de\/die-orte-von-james-joyce\/#primaryimage\"},\"image\":{\"@id\":\"https:\/\/www.dttrieste.com\/de\/die-orte-von-james-joyce\/#primaryimage\"},\"thumbnailUrl\":\"https:\/\/www.dttrieste.com\/wp-content\/uploads\/sites\/326\/2023\/03\/James-Joyce-Trieste-1024x683.jpg\",\"datePublished\":\"2023-03-29T17:16:46+00:00\",\"dateModified\":\"2023-07-24T10:45:04+00:00\",\"description\":\"Literarischer Rundgang in Triest: auf den Spuren von James Joyce in Triest, um die Orte zu entdecken, die Ulysses inspirierten.\",\"breadcrumb\":{\"@id\":\"https:\/\/www.dttrieste.com\/de\/die-orte-von-james-joyce\/#breadcrumb\"},\"inLanguage\":\"de-DE\",\"potentialAction\":[{\"@type\":\"ReadAction\",\"target\":[\"https:\/\/www.dttrieste.com\/de\/die-orte-von-james-joyce\/\"]}]},{\"@type\":\"ImageObject\",\"inLanguage\":\"de-DE\",\"@id\":\"https:\/\/www.dttrieste.com\/de\/die-orte-von-james-joyce\/#primaryimage\",\"url\":\"https:\/\/www.dttrieste.com\/wp-content\/uploads\/sites\/326\/2023\/03\/James-Joyce-Trieste-1024x683.jpg\",\"contentUrl\":\"https:\/\/www.dttrieste.com\/wp-content\/uploads\/sites\/326\/2023\/03\/James-Joyce-Trieste-1024x683.jpg\"},{\"@type\":\"BreadcrumbList\",\"@id\":\"https:\/\/www.dttrieste.com\/de\/die-orte-von-james-joyce\/#breadcrumb\",\"itemListElement\":[{\"@type\":\"ListItem\",\"position\":1,\"name\":\"Home\",\"item\":\"https:\/\/www.dttrieste.com\/de\/\"},{\"@type\":\"ListItem\",\"position\":2,\"name\":\"Rundgang in Triest: die Orte von James Joyce\"}]},{\"@type\":\"WebSite\",\"@id\":\"https:\/\/www.dttrieste.com\/de\/#website\",\"url\":\"https:\/\/www.dttrieste.com\/de\/\",\"name\":\"DoubleTree by Hilton Trieste\",\"description\":\"Just another ms.decms.eu site\",\"publisher\":{\"@id\":\"https:\/\/www.dttrieste.com\/de\/#organization\"},\"potentialAction\":[{\"@type\":\"SearchAction\",\"target\":{\"@type\":\"EntryPoint\",\"urlTemplate\":\"https:\/\/www.dttrieste.com\/de\/?s={search_term_string}\"},\"query-input\":{\"@type\":\"PropertyValueSpecification\",\"valueRequired\":true,\"valueName\":\"search_term_string\"}}],\"inLanguage\":\"de-DE\"},{\"@type\":\"Organization\",\"@id\":\"https:\/\/www.dttrieste.com\/de\/#organization\",\"name\":\"Hilton Trieste\",\"url\":\"https:\/\/www.dttrieste.com\/de\/\",\"logo\":{\"@type\":\"ImageObject\",\"inLanguage\":\"de-DE\",\"@id\":\"https:\/\/www.dttrieste.com\/de\/#\/schema\/logo\/image\/\",\"url\":\"https:\/\/www.dttrieste.com\/wp-content\/uploads\/sites\/326\/2021\/07\/DT_Vertical_Logo-black.png\",\"contentUrl\":\"https:\/\/www.dttrieste.com\/wp-content\/uploads\/sites\/326\/2021\/07\/DT_Vertical_Logo-black.png\",\"width\":1684,\"height\":1466,\"caption\":\"Hilton Trieste\"},\"image\":{\"@id\":\"https:\/\/www.dttrieste.com\/de\/#\/schema\/logo\/image\/\"}},{\"@type\":\"Person\",\"@id\":\"https:\/\/www.dttrieste.com\/de\/#\/schema\/person\/03a448671297e1772b88c52ddfd20589\",\"name\":\"letiziagardin\",\"image\":{\"@type\":\"ImageObject\",\"inLanguage\":\"de-DE\",\"@id\":\"https:\/\/www.dttrieste.com\/de\/#\/schema\/person\/image\/\",\"url\":\"https:\/\/secure.gravatar.com\/avatar\/38c4d08b4578d4ad67f3ec6ab1a3bc9e99093180f00de180c8798f32aa43d512?s=96&d=mm&r=g\",\"contentUrl\":\"https:\/\/secure.gravatar.com\/avatar\/38c4d08b4578d4ad67f3ec6ab1a3bc9e99093180f00de180c8798f32aa43d512?s=96&d=mm&r=g\",\"caption\":\"letiziagardin\"}}]}<\/script>\n<!-- \/ Yoast SEO plugin. -->","yoast_head_json":{"title":"Rundgang in Triest: die Orte von James Joyce","description":"Literarischer Rundgang in Triest: auf den Spuren von James Joyce in Triest, um die Orte zu entdecken, die Ulysses inspirierten.","robots":{"index":"index","follow":"follow","max-snippet":"max-snippet:-1","max-image-preview":"max-image-preview:large","max-video-preview":"max-video-preview:-1"},"canonical":"https:\/\/www.dttrieste.com\/de\/die-orte-von-james-joyce\/","og_locale":"de_DE","og_type":"article","og_title":"Rundgang in Triest: die Orte von James Joyce","og_description":"Literarischer Rundgang in Triest: auf den Spuren von James Joyce in Triest, um die Orte zu entdecken, die Ulysses inspirierten.","og_url":"https:\/\/www.dttrieste.com\/de\/die-orte-von-james-joyce\/","og_site_name":"DoubleTree by Hilton Trieste","article_published_time":"2023-03-29T17:16:46+00:00","article_modified_time":"2023-07-24T10:45:04+00:00","og_image":[{"url":"https:\/\/www.dttrieste.com\/wp-content\/uploads\/sites\/326\/2023\/03\/James-Joyce-Trieste-1024x683.jpg","type":"","width":"","height":""}],"author":"letiziagardin","twitter_card":"summary_large_image","twitter_misc":{"Verfasst von":"letiziagardin","Gesch\u00e4tzte Lesezeit":"4 Minuten"},"schema":{"@context":"https:\/\/schema.org","@graph":[{"@type":"Article","@id":"https:\/\/www.dttrieste.com\/de\/die-orte-von-james-joyce\/#article","isPartOf":{"@id":"https:\/\/www.dttrieste.com\/de\/die-orte-von-james-joyce\/"},"author":{"name":"letiziagardin","@id":"https:\/\/www.dttrieste.com\/de\/#\/schema\/person\/03a448671297e1772b88c52ddfd20589"},"headline":"Rundgang in Triest: die Orte von James Joyce","datePublished":"2023-03-29T17:16:46+00:00","dateModified":"2023-07-24T10:45:04+00:00","mainEntityOfPage":{"@id":"https:\/\/www.dttrieste.com\/de\/die-orte-von-james-joyce\/"},"wordCount":750,"commentCount":0,"publisher":{"@id":"https:\/\/www.dttrieste.com\/de\/#organization"},"image":{"@id":"https:\/\/www.dttrieste.com\/de\/die-orte-von-james-joyce\/#primaryimage"},"thumbnailUrl":"https:\/\/www.dttrieste.com\/wp-content\/uploads\/sites\/326\/2023\/03\/James-Joyce-Trieste-1024x683.jpg","articleSection":["Consigli di viaggio"],"inLanguage":"de-DE","potentialAction":[{"@type":"CommentAction","name":"Comment","target":["https:\/\/www.dttrieste.com\/de\/die-orte-von-james-joyce\/#respond"]}]},{"@type":"WebPage","@id":"https:\/\/www.dttrieste.com\/de\/die-orte-von-james-joyce\/","url":"https:\/\/www.dttrieste.com\/de\/die-orte-von-james-joyce\/","name":"Rundgang in Triest: die Orte von James Joyce","isPartOf":{"@id":"https:\/\/www.dttrieste.com\/de\/#website"},"primaryImageOfPage":{"@id":"https:\/\/www.dttrieste.com\/de\/die-orte-von-james-joyce\/#primaryimage"},"image":{"@id":"https:\/\/www.dttrieste.com\/de\/die-orte-von-james-joyce\/#primaryimage"},"thumbnailUrl":"https:\/\/www.dttrieste.com\/wp-content\/uploads\/sites\/326\/2023\/03\/James-Joyce-Trieste-1024x683.jpg","datePublished":"2023-03-29T17:16:46+00:00","dateModified":"2023-07-24T10:45:04+00:00","description":"Literarischer Rundgang in Triest: auf den Spuren von James Joyce in Triest, um die Orte zu entdecken, die Ulysses inspirierten.","breadcrumb":{"@id":"https:\/\/www.dttrieste.com\/de\/die-orte-von-james-joyce\/#breadcrumb"},"inLanguage":"de-DE","potentialAction":[{"@type":"ReadAction","target":["https:\/\/www.dttrieste.com\/de\/die-orte-von-james-joyce\/"]}]},{"@type":"ImageObject","inLanguage":"de-DE","@id":"https:\/\/www.dttrieste.com\/de\/die-orte-von-james-joyce\/#primaryimage","url":"https:\/\/www.dttrieste.com\/wp-content\/uploads\/sites\/326\/2023\/03\/James-Joyce-Trieste-1024x683.jpg","contentUrl":"https:\/\/www.dttrieste.com\/wp-content\/uploads\/sites\/326\/2023\/03\/James-Joyce-Trieste-1024x683.jpg"},{"@type":"BreadcrumbList","@id":"https:\/\/www.dttrieste.com\/de\/die-orte-von-james-joyce\/#breadcrumb","itemListElement":[{"@type":"ListItem","position":1,"name":"Home","item":"https:\/\/www.dttrieste.com\/de\/"},{"@type":"ListItem","position":2,"name":"Rundgang in Triest: die Orte von James Joyce"}]},{"@type":"WebSite","@id":"https:\/\/www.dttrieste.com\/de\/#website","url":"https:\/\/www.dttrieste.com\/de\/","name":"DoubleTree by Hilton Trieste","description":"Just another ms.decms.eu site","publisher":{"@id":"https:\/\/www.dttrieste.com\/de\/#organization"},"potentialAction":[{"@type":"SearchAction","target":{"@type":"EntryPoint","urlTemplate":"https:\/\/www.dttrieste.com\/de\/?s={search_term_string}"},"query-input":{"@type":"PropertyValueSpecification","valueRequired":true,"valueName":"search_term_string"}}],"inLanguage":"de-DE"},{"@type":"Organization","@id":"https:\/\/www.dttrieste.com\/de\/#organization","name":"Hilton Trieste","url":"https:\/\/www.dttrieste.com\/de\/","logo":{"@type":"ImageObject","inLanguage":"de-DE","@id":"https:\/\/www.dttrieste.com\/de\/#\/schema\/logo\/image\/","url":"https:\/\/www.dttrieste.com\/wp-content\/uploads\/sites\/326\/2021\/07\/DT_Vertical_Logo-black.png","contentUrl":"https:\/\/www.dttrieste.com\/wp-content\/uploads\/sites\/326\/2021\/07\/DT_Vertical_Logo-black.png","width":1684,"height":1466,"caption":"Hilton Trieste"},"image":{"@id":"https:\/\/www.dttrieste.com\/de\/#\/schema\/logo\/image\/"}},{"@type":"Person","@id":"https:\/\/www.dttrieste.com\/de\/#\/schema\/person\/03a448671297e1772b88c52ddfd20589","name":"letiziagardin","image":{"@type":"ImageObject","inLanguage":"de-DE","@id":"https:\/\/www.dttrieste.com\/de\/#\/schema\/person\/image\/","url":"https:\/\/secure.gravatar.com\/avatar\/38c4d08b4578d4ad67f3ec6ab1a3bc9e99093180f00de180c8798f32aa43d512?s=96&d=mm&r=g","contentUrl":"https:\/\/secure.gravatar.com\/avatar\/38c4d08b4578d4ad67f3ec6ab1a3bc9e99093180f00de180c8798f32aa43d512?s=96&d=mm&r=g","caption":"letiziagardin"}}]}},"acf":[],"_links":{"self":[{"href":"https:\/\/www.dttrieste.com\/de\/wp-json\/wp\/v2\/posts\/1957","targetHints":{"allow":["GET"]}}],"collection":[{"href":"https:\/\/www.dttrieste.com\/de\/wp-json\/wp\/v2\/posts"}],"about":[{"href":"https:\/\/www.dttrieste.com\/de\/wp-json\/wp\/v2\/types\/post"}],"author":[{"embeddable":true,"href":"https:\/\/www.dttrieste.com\/de\/wp-json\/wp\/v2\/users\/567"}],"replies":[{"embeddable":true,"href":"https:\/\/www.dttrieste.com\/de\/wp-json\/wp\/v2\/comments?post=1957"}],"version-history":[{"count":0,"href":"https:\/\/www.dttrieste.com\/de\/wp-json\/wp\/v2\/posts\/1957\/revisions"}],"wp:attachment":[{"href":"https:\/\/www.dttrieste.com\/de\/wp-json\/wp\/v2\/media?parent=1957"}],"wp:term":[{"taxonomy":"category","embeddable":true,"href":"https:\/\/www.dttrieste.com\/de\/wp-json\/wp\/v2\/categories?post=1957"},{"taxonomy":"post_tag","embeddable":true,"href":"https:\/\/www.dttrieste.com\/de\/wp-json\/wp\/v2\/tags?post=1957"}],"curies":[{"name":"wp","href":"https:\/\/api.w.org\/{rel}","templated":true}]}}