{"id":1850,"date":"2023-03-29T10:02:37","date_gmt":"2023-03-29T10:02:37","guid":{"rendered":"https:\/\/www.dttrieste.com\/?p=1850"},"modified":"2023-03-29T10:02:37","modified_gmt":"2023-03-29T10:02:37","slug":"historische-cafes-in-triest-5-adressen-die-man-nicht-verpassen-sollte","status":"publish","type":"post","link":"https:\/\/www.dttrieste.com\/de\/historische-cafes-in-triest-5-adressen-die-man-nicht-verpassen-sollte\/","title":{"rendered":"Historische Caf\u00e9s in Triest: 5 Adressen, die man nicht verpassen sollte"},"content":{"rendered":"<p>Nur wenige Orte k\u00f6nnen die Geschichte von Triest so gut erz\u00e4hlen wie die <a href=\"https:\/\/www.dttrieste.com\/de\/sehenswuerdigkeiten\/hauptattraktionen\/historische-cafes\/\" target=\"_blank\" rel=\"noopener\"><strong>historischen Caf\u00e9s<\/strong><\/a>: zum einen die Kaffeetradition, die seit jeher fest mit der Stadt verbunden ist, zum anderen die historische Literaturszene und die gro\u00dfen Namen aus Triest, die sich hier gerne vor einer Tasse trafen, um \u00fcber kulturelle, politische und aktuelle Themen zu diskutieren.<\/p>\n<p><strong>Umberto Saba, Italo Svevo und James Joyce <\/strong>sind nur einige der Intellektuellen, die <strong>regelm\u00e4\u00dfig in den historischen Caf\u00e9s von Triest verkehrten, den Treffpunkten der lokalen Bourgeoisie schlechthin<\/strong>. Einige dieser Caf\u00e9s sind auch heute noch erhalten und haben ihren Charme und ihre Atmosph\u00e4re aus der Habsburgerzeit bewahrt, so dass sie bei einem Wochenendaufenthalt in der Stadt nicht fehlen d\u00fcrfen.<\/p>\n<p><strong>\u00a0<\/strong>Es ist wichtig zu wissen, dass die Triester nicht nur zu den gr\u00f6\u00dften Kaffeekonsumenten Italiens geh\u00f6ren, sondern auch eine eigene Sprache f\u00fcr die Bestellung dieses Getr\u00e4nks haben: Espresso hei\u00dft hier <em>&#8222;un nero&#8220;<\/em> und Macchiato <em>&#8222;un capo&#8220;. <\/em>Um einen ausgezeichneten <em>&#8222;capo in b&#8220;<\/em> &#8211; Macchiato in einem kleinen Glas &#8211; zu genie\u00dfen und dabei in die Geschichte der Stadt einzutauchen, finden Sie hier <strong>f\u00fcnf Adressen historischer Caf\u00e9s in Triest zu besuchen<\/strong>.<\/p>\n<p><img loading=\"lazy\" decoding=\"async\" class=\"aligncenter wp-image-1801 size-large\" title=\"Historic caf\u00e9s of Trieste - Caff\u00e8 San Marco\" src=\"https:\/\/www.dttrieste.com\/wp-content\/uploads\/sites\/326\/2023\/02\/Caffe-San-Marco-Trieste-1024x683.jpg\" alt=\"Historic caf\u00e9s of Trieste - Caff\u00e8 San Marco\" width=\"1024\" height=\"683\" srcset=\"https:\/\/www.dttrieste.com\/wp-content\/uploads\/sites\/326\/2023\/02\/Caffe-San-Marco-Trieste-1024x683.jpg 1024w, https:\/\/www.dttrieste.com\/wp-content\/uploads\/sites\/326\/2023\/02\/Caffe-San-Marco-Trieste-300x200.jpg 300w, https:\/\/www.dttrieste.com\/wp-content\/uploads\/sites\/326\/2023\/02\/Caffe-San-Marco-Trieste-768x512.jpg 768w, https:\/\/www.dttrieste.com\/wp-content\/uploads\/sites\/326\/2023\/02\/Caffe-San-Marco-Trieste-200x133.jpg 200w, https:\/\/www.dttrieste.com\/wp-content\/uploads\/sites\/326\/2023\/02\/Caffe-San-Marco-Trieste-600x400.jpg 600w, https:\/\/www.dttrieste.com\/wp-content\/uploads\/sites\/326\/2023\/02\/Caffe-San-Marco-Trieste-1000x667.jpg 1000w, https:\/\/www.dttrieste.com\/wp-content\/uploads\/sites\/326\/2023\/02\/Caffe-San-Marco-Trieste.jpg 1200w\" sizes=\"auto, (max-width: 1024px) 100vw, 1024px\" \/><\/p>\n<h2><strong>Die historischen Caf\u00e9s von Triest entdecken: die Orte, die man nicht verpassen sollte<\/strong><\/h2>\n<h3 style=\"font-weight: 400;text-align: center\"><strong>Caff\u00e9 Tommaseo, Piazza Tommaseo<\/strong><\/h3>\n<p>Unser Rundgang durch die historischen Caf\u00e9s von Triest kann nur mit dem <strong>\u00e4ltesten Caf\u00e9 der Stadt<\/strong> beginnen. Das 1830 er\u00f6ffnete <strong>Caff\u00e8 Tommaseo<\/strong> beherbergte Italo Svevo, Umberto Saba und in j\u00fcngerer Zeit Claudio Magris, der hier seine &#8222;Donau&#8220; schrieb, an seinen Tischen. Das Caf\u00e9 ist auch deshalb in die Geschichte von Triest eingegangen, weil es zu den ersten Geb\u00e4uden geh\u00f6rte, die mit Elektrizit\u00e4t betrieben wurden, und weil es 1845 Eis in die Stadt importierte. Seit 1954 ist das Caff\u00e8 Tommaseo mit der <strong>bedeutenden Auszeichnung &#8222;<\/strong> <strong>Historisches Lokal in Italien &#8222;<\/strong> versehen, die es in jeder Hinsicht als historisches und k\u00fcnstlerisches Denkmal in Triest sch\u00fctzt.<\/p>\n<h3 style=\"font-weight: 400;text-align: center\"><strong>Caff\u00e8 degli Specchi, Piazza Unit\u00e0 d&#8217;Italia <\/strong><\/h3>\n<p>Das <strong>Caff\u00e8 degli Specchi<\/strong> ist das Caf\u00e9 schlechthin, <strong>der wahre Salon der &#8222;guten&#8220; Triest <\/strong>mit seinen Tischen im Freien auf der <strong>Piazza Unit\u00e0 d\u2019Italia<\/strong>. Es ist seit 1839 in Betrieb und verdankt seinen Namen den Spiegeln, die es dem Caf\u00e9 erm\u00f6glichten, das nat\u00fcrliche Licht zu nutzen und so \u00d6llampen zu sparen. Heute gibt es nur noch drei Spiegel, aber das Caf\u00e9 hat seinen Charme und seine Eleganz von damals bewahrt und ist ein hervorragender Ort, um das Treiben der Triester auf der Piazza zu beobachten oder <strong>mit Blick auf das Meer auf den Sonnenuntergang zu warten<\/strong>.<\/p>\n<p><img loading=\"lazy\" decoding=\"async\" class=\"aligncenter wp-image-1803 size-large\" title=\"Caff\u00e8 degli Specchi Trieste\" src=\"https:\/\/www.dttrieste.com\/wp-content\/uploads\/sites\/326\/2023\/02\/Caffe-storici-Trieste-caffe-degli-Specchi-1024x682.jpg\" alt=\"Caff\u00e8 degli Specchi Trieste\" width=\"1024\" height=\"682\" srcset=\"https:\/\/www.dttrieste.com\/wp-content\/uploads\/sites\/326\/2023\/02\/Caffe-storici-Trieste-caffe-degli-Specchi-1024x682.jpg 1024w, https:\/\/www.dttrieste.com\/wp-content\/uploads\/sites\/326\/2023\/02\/Caffe-storici-Trieste-caffe-degli-Specchi-300x200.jpg 300w, https:\/\/www.dttrieste.com\/wp-content\/uploads\/sites\/326\/2023\/02\/Caffe-storici-Trieste-caffe-degli-Specchi-768x511.jpg 768w, https:\/\/www.dttrieste.com\/wp-content\/uploads\/sites\/326\/2023\/02\/Caffe-storici-Trieste-caffe-degli-Specchi-200x133.jpg 200w, https:\/\/www.dttrieste.com\/wp-content\/uploads\/sites\/326\/2023\/02\/Caffe-storici-Trieste-caffe-degli-Specchi-600x400.jpg 600w, https:\/\/www.dttrieste.com\/wp-content\/uploads\/sites\/326\/2023\/02\/Caffe-storici-Trieste-caffe-degli-Specchi-1000x666.jpg 1000w, https:\/\/www.dttrieste.com\/wp-content\/uploads\/sites\/326\/2023\/02\/Caffe-storici-Trieste-caffe-degli-Specchi.jpg 1200w\" sizes=\"auto, (max-width: 1024px) 100vw, 1024px\" \/><\/p>\n<h3 style=\"font-weight: 400;text-align: center\"><strong>Caff\u00e8 San Marco, Via Battisti<\/strong><\/h3>\n<p>Das <strong>Caff\u00e8 degli Specchi<\/strong> ist das Caf\u00e9 schlechthin, <strong>der wahre Salon der &#8222;guten&#8220; Triest <\/strong>mit seinen Tischen im Freien auf der <strong>Piazza Unit\u00e0 d\u2019Italia<\/strong>. Es ist seit 1839 in Betrieb und verdankt seinen Namen den Spiegeln, die es dem Caf\u00e9 erm\u00f6glichten, das nat\u00fcrliche Licht zu nutzen und so \u00d6llampen zu sparen. Heute gibt es nur noch drei Spiegel, aber das Caf\u00e9 hat seinen Charme und seine Eleganz von damals bewahrt und ist ein hervorragender Ort, um das Treiben der Triester auf der Piazza zu beobachten oder <strong>mit Blick auf das Meer auf den Sonnenuntergang zu warten<\/strong>.<\/p>\n<h3 style=\"font-weight: 400;text-align: center\"><strong>Caff\u00e8 Pirona, Largo della Barriera Vecchia<\/strong><\/h3>\n<p>Wenn Sie sich schon immer gefragt haben, wie es wohl w\u00e4re, an dem Tisch zu sitzen, an dem ein literarisches Meisterwerk entstanden ist, dann ist das <strong>Caff\u00e8 Pirona<\/strong> der richtige Ort f\u00fcr Sie. \u00a0James Joyce wohnte nur wenige Meter die Stra\u00dfe hinunter und war ein regelm\u00e4\u00dfiger Gast dieses Caf\u00e9s, das vor allem f\u00fcr seine Wiener Mehlspeisen bekannt ist. <strong>So schrieb Joyce <\/strong>zwischen einem Dessert und einem anderen<strong> an den Tischen von Caff\u00e8 Pirona seinen &#8222;Ulysses&#8220;<\/strong>, und es ist nicht schwer, denselben Zauber jener Zeit wiederzuerlangen, wenn man das Caf\u00e9 mit seiner Jugendstileinrichtung heute besucht.<\/p>\n<p><img loading=\"lazy\" decoding=\"async\" class=\"aligncenter wp-image-1802 size-large\" title=\"Caff\u00e8 Pirona Trieste\" src=\"https:\/\/www.dttrieste.com\/wp-content\/uploads\/sites\/326\/2023\/02\/Caffe-Pirona-Trieste-1024x618.jpg\" alt=\"Caff\u00e8 Pirona Trieste\" width=\"1024\" height=\"618\" srcset=\"https:\/\/www.dttrieste.com\/wp-content\/uploads\/sites\/326\/2023\/02\/Caffe-Pirona-Trieste-1024x618.jpg 1024w, https:\/\/www.dttrieste.com\/wp-content\/uploads\/sites\/326\/2023\/02\/Caffe-Pirona-Trieste-300x181.jpg 300w, https:\/\/www.dttrieste.com\/wp-content\/uploads\/sites\/326\/2023\/02\/Caffe-Pirona-Trieste-768x464.jpg 768w, https:\/\/www.dttrieste.com\/wp-content\/uploads\/sites\/326\/2023\/02\/Caffe-Pirona-Trieste-200x121.jpg 200w, https:\/\/www.dttrieste.com\/wp-content\/uploads\/sites\/326\/2023\/02\/Caffe-Pirona-Trieste-600x362.jpg 600w, https:\/\/www.dttrieste.com\/wp-content\/uploads\/sites\/326\/2023\/02\/Caffe-Pirona-Trieste-1000x604.jpg 1000w, https:\/\/www.dttrieste.com\/wp-content\/uploads\/sites\/326\/2023\/02\/Caffe-Pirona-Trieste.jpg 1100w\" sizes=\"auto, (max-width: 1024px) 100vw, 1024px\" \/><\/p>\n<h3 style=\"font-weight: 400;text-align: center\"><strong>Caff\u00e8 Stella Polare, Via Dante Alighieri<\/strong><\/h3>\n<p>Auch James Joyce selbst besuchte gerne das <strong>Caff\u00e8 Stella Polare<\/strong>, in der N\u00e4he der Berlitz-Schule, in der er unterrichtete. Es ist kein Zufall, dass in dieser Gegend <strong>am Canale Grande von Triest<\/strong> die <strong>Joyce-Statue<\/strong> steht, eines der Werke, die die Stadt ihren ber\u00fchmtesten Schriftstellern gewidmet hat. Obwohl das Caf\u00e9 im Laufe der Jahre mehrfach umgestaltet wurde &#8211; w\u00e4hrend des Zweiten Weltkriegs verwandelten die Amerikaner es beispielsweise in einen beliebten Tanzsaal -, hat es seine klassische Wiener Einrichtung beibehalten. Die perfekte Atmosph\u00e4re, um unsere Tour durch die historischen Caf\u00e9s von Triest mit einem geschichtstr\u00e4chtigen \u201c<em>capo<\/em>\u201d zu beenden.<\/p>\n","protected":false},"excerpt":{"rendered":"<p>Nur wenige Orte k\u00f6nnen die Geschichte von Triest so gut erz\u00e4hlen wie die historischen Caf\u00e9s: zum einen die Kaffeetradition, die seit jeher fest mit der Stadt verbunden ist, zum anderen die historische Literaturszene und die gro\u00dfen Namen aus Triest, die sich hier gerne vor einer Tasse trafen, um \u00fcber kulturelle, politische und aktuelle Themen zu [&hellip;]<\/p>\n","protected":false},"author":406,"featured_media":0,"comment_status":"open","ping_status":"open","sticky":false,"template":"","format":"standard","meta":{"footnotes":""},"categories":[19],"tags":[],"class_list":["post-1850","post","type-post","status-publish","format-standard","hentry","category-trieste"],"yoast_head":"<!-- This site is optimized with the Yoast SEO plugin v26.9 - https:\/\/yoast.com\/product\/yoast-seo-wordpress\/ -->\n<title>Historische Caf\u00e9s in Triest- DoubleTree by Hilton Trieste<\/title>\n<meta name=\"description\" content=\"Entdeckung der historischen Caf\u00e9s von Triest, Treffpunkte von Schriftstellern und Intellektuellen, die man bei einem Besuch der Stadt nicht verpassen sollte.\" \/>\n<meta name=\"robots\" content=\"index, follow, max-snippet:-1, max-image-preview:large, max-video-preview:-1\" \/>\n<link rel=\"canonical\" href=\"https:\/\/www.dttrieste.com\/de\/historische-cafes-in-triest-5-adressen-die-man-nicht-verpassen-sollte\/\" \/>\n<meta property=\"og:locale\" content=\"de_DE\" \/>\n<meta property=\"og:type\" content=\"article\" \/>\n<meta property=\"og:title\" content=\"Historische Caf\u00e9s in Triest- DoubleTree by Hilton Trieste\" \/>\n<meta property=\"og:description\" content=\"Entdeckung der historischen Caf\u00e9s von Triest, Treffpunkte von Schriftstellern und Intellektuellen, die man bei einem Besuch der Stadt nicht verpassen sollte.\" \/>\n<meta property=\"og:url\" content=\"https:\/\/www.dttrieste.com\/de\/historische-cafes-in-triest-5-adressen-die-man-nicht-verpassen-sollte\/\" \/>\n<meta property=\"og:site_name\" content=\"DoubleTree by Hilton Trieste\" \/>\n<meta property=\"article:published_time\" content=\"2023-03-29T10:02:37+00:00\" \/>\n<meta property=\"og:image\" content=\"https:\/\/www.dttrieste.com\/wp-content\/uploads\/sites\/326\/2023\/02\/Caffe-San-Marco-Trieste-1024x683.jpg\" \/>\n<meta name=\"author\" content=\"cbrussolo\" \/>\n<meta name=\"twitter:card\" content=\"summary_large_image\" \/>\n<meta name=\"twitter:label1\" content=\"Verfasst von\" \/>\n\t<meta name=\"twitter:data1\" content=\"cbrussolo\" \/>\n\t<meta name=\"twitter:label2\" content=\"Gesch\u00e4tzte Lesezeit\" \/>\n\t<meta name=\"twitter:data2\" content=\"5 Minuten\" \/>\n<script type=\"application\/ld+json\" class=\"yoast-schema-graph\">{\"@context\":\"https:\/\/schema.org\",\"@graph\":[{\"@type\":\"Article\",\"@id\":\"https:\/\/www.dttrieste.com\/de\/historische-cafes-in-triest-5-adressen-die-man-nicht-verpassen-sollte\/#article\",\"isPartOf\":{\"@id\":\"https:\/\/www.dttrieste.com\/de\/historische-cafes-in-triest-5-adressen-die-man-nicht-verpassen-sollte\/\"},\"author\":{\"name\":\"cbrussolo\",\"@id\":\"https:\/\/www.dttrieste.com\/de\/#\/schema\/person\/74b550f94d19627016c347c733840731\"},\"headline\":\"Historische Caf\u00e9s in Triest: 5 Adressen, die man nicht verpassen sollte\",\"datePublished\":\"2023-03-29T10:02:37+00:00\",\"mainEntityOfPage\":{\"@id\":\"https:\/\/www.dttrieste.com\/de\/historische-cafes-in-triest-5-adressen-die-man-nicht-verpassen-sollte\/\"},\"wordCount\":757,\"commentCount\":0,\"publisher\":{\"@id\":\"https:\/\/www.dttrieste.com\/de\/#organization\"},\"image\":{\"@id\":\"https:\/\/www.dttrieste.com\/de\/historische-cafes-in-triest-5-adressen-die-man-nicht-verpassen-sollte\/#primaryimage\"},\"thumbnailUrl\":\"https:\/\/www.dttrieste.com\/wp-content\/uploads\/sites\/326\/2023\/02\/Caffe-San-Marco-Trieste-1024x683.jpg\",\"articleSection\":[\"Trieste\"],\"inLanguage\":\"de-DE\",\"potentialAction\":[{\"@type\":\"CommentAction\",\"name\":\"Comment\",\"target\":[\"https:\/\/www.dttrieste.com\/de\/historische-cafes-in-triest-5-adressen-die-man-nicht-verpassen-sollte\/#respond\"]}]},{\"@type\":\"WebPage\",\"@id\":\"https:\/\/www.dttrieste.com\/de\/historische-cafes-in-triest-5-adressen-die-man-nicht-verpassen-sollte\/\",\"url\":\"https:\/\/www.dttrieste.com\/de\/historische-cafes-in-triest-5-adressen-die-man-nicht-verpassen-sollte\/\",\"name\":\"Historische Caf\u00e9s in Triest- DoubleTree by Hilton Trieste\",\"isPartOf\":{\"@id\":\"https:\/\/www.dttrieste.com\/de\/#website\"},\"primaryImageOfPage\":{\"@id\":\"https:\/\/www.dttrieste.com\/de\/historische-cafes-in-triest-5-adressen-die-man-nicht-verpassen-sollte\/#primaryimage\"},\"image\":{\"@id\":\"https:\/\/www.dttrieste.com\/de\/historische-cafes-in-triest-5-adressen-die-man-nicht-verpassen-sollte\/#primaryimage\"},\"thumbnailUrl\":\"https:\/\/www.dttrieste.com\/wp-content\/uploads\/sites\/326\/2023\/02\/Caffe-San-Marco-Trieste-1024x683.jpg\",\"datePublished\":\"2023-03-29T10:02:37+00:00\",\"description\":\"Entdeckung der historischen Caf\u00e9s von Triest, Treffpunkte von Schriftstellern und Intellektuellen, die man bei einem Besuch der Stadt nicht verpassen sollte.\",\"breadcrumb\":{\"@id\":\"https:\/\/www.dttrieste.com\/de\/historische-cafes-in-triest-5-adressen-die-man-nicht-verpassen-sollte\/#breadcrumb\"},\"inLanguage\":\"de-DE\",\"potentialAction\":[{\"@type\":\"ReadAction\",\"target\":[\"https:\/\/www.dttrieste.com\/de\/historische-cafes-in-triest-5-adressen-die-man-nicht-verpassen-sollte\/\"]}]},{\"@type\":\"ImageObject\",\"inLanguage\":\"de-DE\",\"@id\":\"https:\/\/www.dttrieste.com\/de\/historische-cafes-in-triest-5-adressen-die-man-nicht-verpassen-sollte\/#primaryimage\",\"url\":\"https:\/\/www.dttrieste.com\/wp-content\/uploads\/sites\/326\/2023\/02\/Caffe-San-Marco-Trieste-1024x683.jpg\",\"contentUrl\":\"https:\/\/www.dttrieste.com\/wp-content\/uploads\/sites\/326\/2023\/02\/Caffe-San-Marco-Trieste-1024x683.jpg\"},{\"@type\":\"BreadcrumbList\",\"@id\":\"https:\/\/www.dttrieste.com\/de\/historische-cafes-in-triest-5-adressen-die-man-nicht-verpassen-sollte\/#breadcrumb\",\"itemListElement\":[{\"@type\":\"ListItem\",\"position\":1,\"name\":\"Home\",\"item\":\"https:\/\/www.dttrieste.com\/de\/\"},{\"@type\":\"ListItem\",\"position\":2,\"name\":\"Historische Caf\u00e9s in Triest: 5 Adressen, die man nicht verpassen sollte\"}]},{\"@type\":\"WebSite\",\"@id\":\"https:\/\/www.dttrieste.com\/de\/#website\",\"url\":\"https:\/\/www.dttrieste.com\/de\/\",\"name\":\"DoubleTree by Hilton Trieste\",\"description\":\"Just another ms.decms.eu site\",\"publisher\":{\"@id\":\"https:\/\/www.dttrieste.com\/de\/#organization\"},\"potentialAction\":[{\"@type\":\"SearchAction\",\"target\":{\"@type\":\"EntryPoint\",\"urlTemplate\":\"https:\/\/www.dttrieste.com\/de\/?s={search_term_string}\"},\"query-input\":{\"@type\":\"PropertyValueSpecification\",\"valueRequired\":true,\"valueName\":\"search_term_string\"}}],\"inLanguage\":\"de-DE\"},{\"@type\":\"Organization\",\"@id\":\"https:\/\/www.dttrieste.com\/de\/#organization\",\"name\":\"Hilton Trieste\",\"url\":\"https:\/\/www.dttrieste.com\/de\/\",\"logo\":{\"@type\":\"ImageObject\",\"inLanguage\":\"de-DE\",\"@id\":\"https:\/\/www.dttrieste.com\/de\/#\/schema\/logo\/image\/\",\"url\":\"https:\/\/www.dttrieste.com\/wp-content\/uploads\/sites\/326\/2021\/07\/DT_Vertical_Logo-black.png\",\"contentUrl\":\"https:\/\/www.dttrieste.com\/wp-content\/uploads\/sites\/326\/2021\/07\/DT_Vertical_Logo-black.png\",\"width\":1684,\"height\":1466,\"caption\":\"Hilton Trieste\"},\"image\":{\"@id\":\"https:\/\/www.dttrieste.com\/de\/#\/schema\/logo\/image\/\"}},{\"@type\":\"Person\",\"@id\":\"https:\/\/www.dttrieste.com\/de\/#\/schema\/person\/74b550f94d19627016c347c733840731\",\"name\":\"cbrussolo\",\"image\":{\"@type\":\"ImageObject\",\"inLanguage\":\"de-DE\",\"@id\":\"https:\/\/www.dttrieste.com\/de\/#\/schema\/person\/image\/\",\"url\":\"https:\/\/secure.gravatar.com\/avatar\/a52a91710d1624f85b79e9122799e10ff622dda689c5a61f269c2cc61ac150a1?s=96&d=mm&r=g\",\"contentUrl\":\"https:\/\/secure.gravatar.com\/avatar\/a52a91710d1624f85b79e9122799e10ff622dda689c5a61f269c2cc61ac150a1?s=96&d=mm&r=g\",\"caption\":\"cbrussolo\"}}]}<\/script>\n<!-- \/ Yoast SEO plugin. -->","yoast_head_json":{"title":"Historische Caf\u00e9s in Triest- DoubleTree by Hilton Trieste","description":"Entdeckung der historischen Caf\u00e9s von Triest, Treffpunkte von Schriftstellern und Intellektuellen, die man bei einem Besuch der Stadt nicht verpassen sollte.","robots":{"index":"index","follow":"follow","max-snippet":"max-snippet:-1","max-image-preview":"max-image-preview:large","max-video-preview":"max-video-preview:-1"},"canonical":"https:\/\/www.dttrieste.com\/de\/historische-cafes-in-triest-5-adressen-die-man-nicht-verpassen-sollte\/","og_locale":"de_DE","og_type":"article","og_title":"Historische Caf\u00e9s in Triest- DoubleTree by Hilton Trieste","og_description":"Entdeckung der historischen Caf\u00e9s von Triest, Treffpunkte von Schriftstellern und Intellektuellen, die man bei einem Besuch der Stadt nicht verpassen sollte.","og_url":"https:\/\/www.dttrieste.com\/de\/historische-cafes-in-triest-5-adressen-die-man-nicht-verpassen-sollte\/","og_site_name":"DoubleTree by Hilton Trieste","article_published_time":"2023-03-29T10:02:37+00:00","og_image":[{"url":"https:\/\/www.dttrieste.com\/wp-content\/uploads\/sites\/326\/2023\/02\/Caffe-San-Marco-Trieste-1024x683.jpg","type":"","width":"","height":""}],"author":"cbrussolo","twitter_card":"summary_large_image","twitter_misc":{"Verfasst von":"cbrussolo","Gesch\u00e4tzte Lesezeit":"5 Minuten"},"schema":{"@context":"https:\/\/schema.org","@graph":[{"@type":"Article","@id":"https:\/\/www.dttrieste.com\/de\/historische-cafes-in-triest-5-adressen-die-man-nicht-verpassen-sollte\/#article","isPartOf":{"@id":"https:\/\/www.dttrieste.com\/de\/historische-cafes-in-triest-5-adressen-die-man-nicht-verpassen-sollte\/"},"author":{"name":"cbrussolo","@id":"https:\/\/www.dttrieste.com\/de\/#\/schema\/person\/74b550f94d19627016c347c733840731"},"headline":"Historische Caf\u00e9s in Triest: 5 Adressen, die man nicht verpassen sollte","datePublished":"2023-03-29T10:02:37+00:00","mainEntityOfPage":{"@id":"https:\/\/www.dttrieste.com\/de\/historische-cafes-in-triest-5-adressen-die-man-nicht-verpassen-sollte\/"},"wordCount":757,"commentCount":0,"publisher":{"@id":"https:\/\/www.dttrieste.com\/de\/#organization"},"image":{"@id":"https:\/\/www.dttrieste.com\/de\/historische-cafes-in-triest-5-adressen-die-man-nicht-verpassen-sollte\/#primaryimage"},"thumbnailUrl":"https:\/\/www.dttrieste.com\/wp-content\/uploads\/sites\/326\/2023\/02\/Caffe-San-Marco-Trieste-1024x683.jpg","articleSection":["Trieste"],"inLanguage":"de-DE","potentialAction":[{"@type":"CommentAction","name":"Comment","target":["https:\/\/www.dttrieste.com\/de\/historische-cafes-in-triest-5-adressen-die-man-nicht-verpassen-sollte\/#respond"]}]},{"@type":"WebPage","@id":"https:\/\/www.dttrieste.com\/de\/historische-cafes-in-triest-5-adressen-die-man-nicht-verpassen-sollte\/","url":"https:\/\/www.dttrieste.com\/de\/historische-cafes-in-triest-5-adressen-die-man-nicht-verpassen-sollte\/","name":"Historische Caf\u00e9s in Triest- DoubleTree by Hilton Trieste","isPartOf":{"@id":"https:\/\/www.dttrieste.com\/de\/#website"},"primaryImageOfPage":{"@id":"https:\/\/www.dttrieste.com\/de\/historische-cafes-in-triest-5-adressen-die-man-nicht-verpassen-sollte\/#primaryimage"},"image":{"@id":"https:\/\/www.dttrieste.com\/de\/historische-cafes-in-triest-5-adressen-die-man-nicht-verpassen-sollte\/#primaryimage"},"thumbnailUrl":"https:\/\/www.dttrieste.com\/wp-content\/uploads\/sites\/326\/2023\/02\/Caffe-San-Marco-Trieste-1024x683.jpg","datePublished":"2023-03-29T10:02:37+00:00","description":"Entdeckung der historischen Caf\u00e9s von Triest, Treffpunkte von Schriftstellern und Intellektuellen, die man bei einem Besuch der Stadt nicht verpassen sollte.","breadcrumb":{"@id":"https:\/\/www.dttrieste.com\/de\/historische-cafes-in-triest-5-adressen-die-man-nicht-verpassen-sollte\/#breadcrumb"},"inLanguage":"de-DE","potentialAction":[{"@type":"ReadAction","target":["https:\/\/www.dttrieste.com\/de\/historische-cafes-in-triest-5-adressen-die-man-nicht-verpassen-sollte\/"]}]},{"@type":"ImageObject","inLanguage":"de-DE","@id":"https:\/\/www.dttrieste.com\/de\/historische-cafes-in-triest-5-adressen-die-man-nicht-verpassen-sollte\/#primaryimage","url":"https:\/\/www.dttrieste.com\/wp-content\/uploads\/sites\/326\/2023\/02\/Caffe-San-Marco-Trieste-1024x683.jpg","contentUrl":"https:\/\/www.dttrieste.com\/wp-content\/uploads\/sites\/326\/2023\/02\/Caffe-San-Marco-Trieste-1024x683.jpg"},{"@type":"BreadcrumbList","@id":"https:\/\/www.dttrieste.com\/de\/historische-cafes-in-triest-5-adressen-die-man-nicht-verpassen-sollte\/#breadcrumb","itemListElement":[{"@type":"ListItem","position":1,"name":"Home","item":"https:\/\/www.dttrieste.com\/de\/"},{"@type":"ListItem","position":2,"name":"Historische Caf\u00e9s in Triest: 5 Adressen, die man nicht verpassen sollte"}]},{"@type":"WebSite","@id":"https:\/\/www.dttrieste.com\/de\/#website","url":"https:\/\/www.dttrieste.com\/de\/","name":"DoubleTree by Hilton Trieste","description":"Just another ms.decms.eu site","publisher":{"@id":"https:\/\/www.dttrieste.com\/de\/#organization"},"potentialAction":[{"@type":"SearchAction","target":{"@type":"EntryPoint","urlTemplate":"https:\/\/www.dttrieste.com\/de\/?s={search_term_string}"},"query-input":{"@type":"PropertyValueSpecification","valueRequired":true,"valueName":"search_term_string"}}],"inLanguage":"de-DE"},{"@type":"Organization","@id":"https:\/\/www.dttrieste.com\/de\/#organization","name":"Hilton Trieste","url":"https:\/\/www.dttrieste.com\/de\/","logo":{"@type":"ImageObject","inLanguage":"de-DE","@id":"https:\/\/www.dttrieste.com\/de\/#\/schema\/logo\/image\/","url":"https:\/\/www.dttrieste.com\/wp-content\/uploads\/sites\/326\/2021\/07\/DT_Vertical_Logo-black.png","contentUrl":"https:\/\/www.dttrieste.com\/wp-content\/uploads\/sites\/326\/2021\/07\/DT_Vertical_Logo-black.png","width":1684,"height":1466,"caption":"Hilton Trieste"},"image":{"@id":"https:\/\/www.dttrieste.com\/de\/#\/schema\/logo\/image\/"}},{"@type":"Person","@id":"https:\/\/www.dttrieste.com\/de\/#\/schema\/person\/74b550f94d19627016c347c733840731","name":"cbrussolo","image":{"@type":"ImageObject","inLanguage":"de-DE","@id":"https:\/\/www.dttrieste.com\/de\/#\/schema\/person\/image\/","url":"https:\/\/secure.gravatar.com\/avatar\/a52a91710d1624f85b79e9122799e10ff622dda689c5a61f269c2cc61ac150a1?s=96&d=mm&r=g","contentUrl":"https:\/\/secure.gravatar.com\/avatar\/a52a91710d1624f85b79e9122799e10ff622dda689c5a61f269c2cc61ac150a1?s=96&d=mm&r=g","caption":"cbrussolo"}}]}},"acf":[],"_links":{"self":[{"href":"https:\/\/www.dttrieste.com\/de\/wp-json\/wp\/v2\/posts\/1850","targetHints":{"allow":["GET"]}}],"collection":[{"href":"https:\/\/www.dttrieste.com\/de\/wp-json\/wp\/v2\/posts"}],"about":[{"href":"https:\/\/www.dttrieste.com\/de\/wp-json\/wp\/v2\/types\/post"}],"author":[{"embeddable":true,"href":"https:\/\/www.dttrieste.com\/de\/wp-json\/wp\/v2\/users\/406"}],"replies":[{"embeddable":true,"href":"https:\/\/www.dttrieste.com\/de\/wp-json\/wp\/v2\/comments?post=1850"}],"version-history":[{"count":0,"href":"https:\/\/www.dttrieste.com\/de\/wp-json\/wp\/v2\/posts\/1850\/revisions"}],"wp:attachment":[{"href":"https:\/\/www.dttrieste.com\/de\/wp-json\/wp\/v2\/media?parent=1850"}],"wp:term":[{"taxonomy":"category","embeddable":true,"href":"https:\/\/www.dttrieste.com\/de\/wp-json\/wp\/v2\/categories?post=1850"},{"taxonomy":"post_tag","embeddable":true,"href":"https:\/\/www.dttrieste.com\/de\/wp-json\/wp\/v2\/tags?post=1850"}],"curies":[{"name":"wp","href":"https:\/\/api.w.org\/{rel}","templated":true}]}}